{"id":102622,"date":"2025-02-14T00:33:40","date_gmt":"2025-02-14T00:33:40","guid":{"rendered":"https:\/\/tvbrazilusa.com\/2025\/02\/14\/em-resposta-a-lula-sobre-o-petroleo-na-foz-do-amazonas-presidente-do-ibama-diz-nao-faria-o-que-faco-se-nao-gostasse-de-pressao\/"},"modified":"2025-02-14T00:33:42","modified_gmt":"2025-02-14T00:33:42","slug":"em-resposta-a-lula-sobre-o-petroleo-na-foz-do-amazonas-presidente-do-ibama-diz-nao-faria-o-que-faco-se-nao-gostasse-de-pressao","status":"publish","type":"post","link":"https:\/\/tvbrazilusa.com\/pt\/2025\/02\/14\/em-resposta-a-lula-sobre-o-petroleo-na-foz-do-amazonas-presidente-do-ibama-diz-nao-faria-o-que-faco-se-nao-gostasse-de-pressao\/","title":{"rendered":"Em resposta a Lula sobre o petr\u00f3leo na Foz do Amazonas, presidente do Ibama diz: &#8216;N\u00e3o faria o que fa\u00e7o se n\u00e3o gostasse de press\u00e3o&#8217;"},"content":{"rendered":"<p> <script async src=\"https:\/\/pagead2.googlesyndication.com\/pagead\/js\/adsbygoogle.js?client=ca-pub-8864793242727901\"\r\n     crossorigin=\"anonymous\"><\/script><br \/>\n<\/p>\n<div id=\"taboola-read-more\" style=\"display:block; width:100%\">\n<p>O presidente do Instituto Brasileiro do Meio Ambiente e dos Recursos Naturais Renov\u00e1veis (Ibama), Rodrigo Agostinho, afirmou que est\u00e1 habituado \u00e0 \u201cpress\u00e3o\u201d ap\u00f3s o presidente Luiz In\u00e1cio Lula da Silva cobrar o \u00f3rg\u00e3o a autorizar pesquisas para a explora\u00e7\u00e3o de petr\u00f3leo na chamada Foz do Amazonas.\n<\/p>\n<p>A press\u00e3o pela libera\u00e7\u00e3o vem crescendo no meio pol\u00edtico e \u00e9 uma demanda, por exemplo, do presidente do Senado, Davi Alcolumbre (Uni\u00e3o-AP).<\/p>\n<p>\u2014 Isso \u00e9 normal. Se eu n\u00e3o gostasse de press\u00e3o, n\u00e3o estava fazendo o que eu fa\u00e7o. Eu preciso tamb\u00e9m ser justo. O presidente nunca me pressionou para isso, mas de tempos em tempos tem empreendimentos que s\u00e3o emblem\u00e1ticos e a sociedade toda cobra uma resposta. Vejo isso com muita naturalidade \u2014 afirmou Agostinho ao GLOBO.\n<\/p>\n<p>Mais cedo, Lula criticou o Ibama pela falta da autoriza\u00e7\u00e3o para explorar petr\u00f3leo e defendeu a pesquisa na regi\u00e3o e afirmou que o \u00f3rg\u00e3o ambiental &#8220;parece&#8221; atuar contra o governo.\n<\/p>\n<p>\u2014 N\u00e3o \u00e9 que vou mandar explorar, eu quero que seja explorado (&#8230;) O que n\u00e3o d\u00e1 \u00e9 ficar nesse lenga-lenga, o Ibama \u00e9 um \u00f3rg\u00e3o do governo e est\u00e1 parecendo que \u00e9 um \u00f3rg\u00e3o contra o governo \u2014 disse Lula em entrevista \u00e0 R\u00e1dio Di\u00e1rio FM, de Macap\u00e1.\n<\/p>\n<p>Procurada para comentar as falas de Agostinho, a assessoria da Presid\u00eancia da Rep\u00fablica n\u00e3o se manifestou.\n<\/p>\n<p>O presidente afirmou que, provavelmente ainda nesta semana, a Casa Civil vai se reunir com o Ibama para tratar sobre a autoriza\u00e7\u00e3o \u00e0 Petrobras para pesquisas de explora\u00e7\u00e3o de petr\u00f3leo na regi\u00e3o.\n<\/p>\n<p>Agostinho disse n\u00e3o ter sido avisado ainda sobre uma nova reuni\u00e3o, mas que o Ibama tem se reunido constantemente com a Casa Civil para tratar sobre esses e outros assuntos.\n<\/p>\n<p>\u2014A Casa Civil est\u00e1 acompanhando isso pari passu. Teve reuni\u00f5es recentes, n\u00e3o s\u00f3 por conta desse empreendimento. Tem a sala de situa\u00e7\u00e3o do PAC (Programa de Acelera\u00e7\u00e3o do Crescimento), ent\u00e3o, toda semana a gente est\u00e1 l\u00e1 em reuni\u00f5es \u2014 disse Agostinho.\n<\/p>\n<p>Segundo o presidente do Ibama, dificilmente qualquer resposta sobre o assunto sair\u00e1 antes de mar\u00e7o. Ele acrescentou que as tratativas est\u00e3o caminhando.\n<\/p>\n<p>\u2014 Agora em dezembro, a Petrobras apresentou um novo plano de emerg\u00eancias. Esse plano est\u00e1 sendo analisado e, ao mesmo tempo, a Petrobras come\u00e7ou a construir uma base em Oiapoque (AP), mais ou menos 170 quil\u00f4metros de dist\u00e2ncia da \u00e1rea de explora\u00e7\u00e3o. Diminui muito tempo de resposta para um eventual acidente. A base fica pronta s\u00f3 no final de mar\u00e7o, ent\u00e3o, por isso que algumas pessoas est\u00e3o fazendo a leitura de que a licen\u00e7a ser\u00e1 em mar\u00e7o. Dificilmente sai alguma coisa antes de mar\u00e7o \u2014disse.\n<\/p>\n<p>A Margem Equatorial abrange \u00e1reas de explora\u00e7\u00e3o e produ\u00e7\u00e3o de petr\u00f3leo e g\u00e1s em v\u00e1rias bacias mar\u00edtimas pr\u00f3ximas \u00e0 Linha do Equador: Foz do Amazonas, Par\u00e1-Maranh\u00e3o, Barreirinhas, Cear\u00e1 e Potiguar. Ela se estende de Oiapoque (AP), no extremo norte do pa\u00eds, ao litoral do Rio Grande do Norte.\n<\/p>\n<p>O Ibama n\u00e3o concedeu licen\u00e7a para que a Petrobras inicie a perfura\u00e7\u00e3o do primeiro po\u00e7o, localizado a uma dist\u00e2ncia de 175 quil\u00f4metros da costa do Amap\u00e1 e a mais de 500 quil\u00f4metros de dist\u00e2ncia da foz do Rio Amazonas. O objetivo dessa perfura\u00e7\u00e3o era comprovar a viabilidade econ\u00f4mica da produ\u00e7\u00e3o de petr\u00f3leo na regi\u00e3o. O plano, no entanto, sofre oposi\u00e7\u00e3o de ambientalistas pelo risco ao meio ambiente.\n<\/p>\n<p>Na semana passada, a presidente da Petrobras, Magda Chambriard, afirmou que todas as demandas apresentadas pelo Ibama foram entregues em novembro.\n<\/p>\n<p>Interlocutores de Lula afirmam que o objetivo do governo \u00e9 que a autoriza\u00e7\u00e3o para a pesquisa saia ainda no primeiro trimestre. Auxiliares lembram que o presidente passou a tratar do tema com mais frequ\u00eancia nas \u00faltimas semanas e que ele tem reiterado que o aval, neste momento, seria apenas para a pesquisa. Caso a viabilidade da explora\u00e7\u00e3o seja constatada, ser\u00e1 necess\u00e1ria uma nova licen\u00e7a ambiental.\n<\/p>\n<p>Agostinho disse ainda que, apesar da cobran\u00e7a, o Ibama deve se manter a uma resposta t\u00e9cnica.\n<\/p>\n<p>\u2014 Os servidores do Ibama s\u00e3o concursados, ent\u00e3o mesmo que eu fizesse qualquer tipo de press\u00e3o sobre eles, eles t\u00eam a prote\u00e7\u00e3o do pr\u00f3prio cargo deles. Tanto que mesmo no governo passado, situa\u00e7\u00f5es como essa n\u00e3o aconteceram \u2014 disse.\n<\/p>\n<p>Associa\u00e7\u00e3o diz que press\u00e3o pol\u00edtica \u00e9 &#8216;inadmiss\u00edvel&#8217;<br \/>De tarde, a Associa\u00e7\u00e3o Nacional dos Servidores da Carreira de Especialista em Meio Ambiente (Ascema Nacional), que re\u00fane funcion\u00e1rios de \u00f3rg\u00e3os como Ibama, ICMBio e Minist\u00e9rio do Meio Ambiente, divulgou nota classificando como &#8221; inadmiss\u00edvel qualquer tipo de press\u00e3o pol\u00edtica que busque interferir no trabalho t\u00e9cnico do \u00f3rg\u00e3o, especialmente quando se trata de uma decis\u00e3o que pode resultar em impactos ambientais irrevers\u00edveis&#8221;.\n<\/p>\n<p>&#8220;As declara\u00e7\u00f5es que desqualificam o Ibama e seus servidores desrespeitam o papel fundamental da institui\u00e7\u00e3o na defesa do interesse p\u00fablico, que \u00e9 seu objetivo final, independente do governo da vez&#8221;, completa a nota.\n<\/p>\n<p>A associa\u00e7\u00e3o explicou no comunicado que, desde 2012, o governo tem a possibilidade de realizar uma Avalia\u00e7\u00e3o Ambiental de \u00c1rea Sedimentar (AAAS) na Bacia da Foz do Amazonas, o que permitiria identificar \u00e1reas aptas e n\u00e3o aptas \u00e0 explora\u00e7\u00e3o de petr\u00f3leo na regi\u00e3o.\n<\/p>\n<p>Isso auxiliaria no planejamento estrat\u00e9gico e econ\u00f4mico e reduziria as incertezas do licenciamento ambiental de empreendimentos, diz a entidade. Por\u00e9m, &#8220;n\u00e3o se tem not\u00edcias de press\u00e3o do Pal\u00e1cio do Planalto para que a AAAS saia do papel&#8221;, dia a Ascema.\n<\/p>\n<p>A associa\u00e7\u00e3o refor\u00e7ou que as decis\u00f5es do Ibama s\u00e3o baseadas em &#8220;crit\u00e9rios t\u00e9cnicos, cient\u00edficos e legais&#8221;.\n<\/p>\n<p>Disse ainda que o processo de licenciamento ambiental \u00e9 conduzido de maneira &#8220;rigorosa, transparente e respons\u00e1vel&#8221;, considerando a prote\u00e7\u00e3o da biodiversidade e o bem-estar das popula\u00e7\u00f5es, bem como o desenvolvimento econ\u00f4mico do pa\u00eds.\n<\/p>\n<p>&#8220;\u00c9 contradit\u00f3rio que um pa\u00eds que sediar\u00e1 a COP30, um evento de relev\u00e2ncia global para o enfrentamento das mudan\u00e7as clim\u00e1ticas, adote posturas que fragilizam a governan\u00e7a ambiental e colocam em risco compromissos assumidos internacionalmente&#8221;, finaliza a nota.\n<\/p>\n<p>Fonte: O Globo              <\/p>\n<\/div>\n<p><br \/>\n<br \/><a href=\"https:\/\/diariodobrasilnoticias.com.br\/noticia\/em-resposta-a-lula-sobre-o-petroleo-na-foz-do-amazonas-presidente-do-ibama-diz-nao-faria-o-que-faco-se-nao-gostasse-de-pressao-67ae6d5811ecd\">Source link <\/a><\/p>","protected":false},"excerpt":{"rendered":"<p>O presidente do Instituto Brasileiro do Meio Ambiente e dos Recursos Naturais Renov\u00e1veis (Ibama), Rodrigo Agostinho, afirmou que est\u00e1 habituado \u00e0 \u201cpress\u00e3o\u201d ap\u00f3s o presidente Luiz In\u00e1cio Lula da Silva&hellip;<\/p>","protected":false},"author":1,"featured_media":102623,"comment_status":"closed","ping_status":"open","sticky":false,"template":"","format":"standard","meta":{"content-type":"","footnotes":""},"categories":[16],"tags":[123,2448,5313,1267],"class_list":["post-102622","post","type-post","status-publish","format-standard","has-post-thumbnail","hentry","category-noticias","tag-brasil","tag-diario","tag-noticia","tag-noticias"],"_links":{"self":[{"href":"https:\/\/tvbrazilusa.com\/pt\/wp-json\/wp\/v2\/posts\/102622","targetHints":{"allow":["GET"]}}],"collection":[{"href":"https:\/\/tvbrazilusa.com\/pt\/wp-json\/wp\/v2\/posts"}],"about":[{"href":"https:\/\/tvbrazilusa.com\/pt\/wp-json\/wp\/v2\/types\/post"}],"author":[{"embeddable":true,"href":"https:\/\/tvbrazilusa.com\/pt\/wp-json\/wp\/v2\/users\/1"}],"replies":[{"embeddable":true,"href":"https:\/\/tvbrazilusa.com\/pt\/wp-json\/wp\/v2\/comments?post=102622"}],"version-history":[{"count":1,"href":"https:\/\/tvbrazilusa.com\/pt\/wp-json\/wp\/v2\/posts\/102622\/revisions"}],"predecessor-version":[{"id":102624,"href":"https:\/\/tvbrazilusa.com\/pt\/wp-json\/wp\/v2\/posts\/102622\/revisions\/102624"}],"wp:featuredmedia":[{"embeddable":true,"href":"https:\/\/tvbrazilusa.com\/pt\/wp-json\/wp\/v2\/media\/102623"}],"wp:attachment":[{"href":"https:\/\/tvbrazilusa.com\/pt\/wp-json\/wp\/v2\/media?parent=102622"}],"wp:term":[{"taxonomy":"category","embeddable":true,"href":"https:\/\/tvbrazilusa.com\/pt\/wp-json\/wp\/v2\/categories?post=102622"},{"taxonomy":"post_tag","embeddable":true,"href":"https:\/\/tvbrazilusa.com\/pt\/wp-json\/wp\/v2\/tags?post=102622"}],"curies":[{"name":"wp","href":"https:\/\/api.w.org\/{rel}","templated":true}]}}