{"id":102664,"date":"2025-02-14T05:36:09","date_gmt":"2025-02-14T05:36:09","guid":{"rendered":"https:\/\/tvbrazilusa.com\/2025\/02\/14\/visualizacao-outlooks-para-as-semifinais-de-luta-livre-do-grupo-3-do-njsiaa-3\/"},"modified":"2025-02-14T05:41:26","modified_gmt":"2025-02-14T05:41:26","slug":"visualizacao-outlooks-para-as-semifinais-de-luta-livre-do-grupo-3-do-njsiaa-3","status":"publish","type":"post","link":"https:\/\/tvbrazilusa.com\/pt\/2025\/02\/14\/visualizacao-outlooks-para-as-semifinais-de-luta-livre-do-grupo-3-do-njsiaa-3\/","title":{"rendered":"Visualiza\u00e7\u00e3o, Outlooks para as semifinais de luta livre do Grupo 3 do NJSIAA 3"},"content":{"rendered":"<script async src=\"https:\/\/pagead2.googlesyndication.com\/pagead\/js\/adsbygoogle.js?client=ca-pub-8864793242727901\"\r\n     crossorigin=\"anonymous\"><\/script>\n<div>\n<p class=\"article__paragraph article__paragraph--left\" id=\"AYPN3ISDSJDQFFO6BGMFMUPAL4\">O torneio da equipe Local 102 do NJSIAA\/IBEW 2025 est\u00e1 rolando junto e as finais do estado est\u00e3o a poucos dias.<\/p>\n<p class=\"article__paragraph article__paragraph--left\" id=\"QR3FNJF2YFCHFBF5DBC3MWH6OY\">Na quarta e quinta -feira, 20 campe\u00f5es seccionais de escolas p\u00fablicas foram coroadas. Esses campe\u00f5es agora lutar\u00e3o na noite de sexta -feira para uma vaga nas finais estaduais de domingo na arena de Jersey Mike em Rutgers.<\/p>\n<\/div>\n<p><br \/>\n<br \/><a href=\"https:\/\/www.nj.com\/highschoolsports\/2025\/02\/preview-outlooks-for-the-2025-njsiaa-group-3-wrestling-semifinals.html\">Source link <\/a><\/p>","protected":false},"excerpt":{"rendered":"<p>O torneio da equipe Local 102 do NJSIAA\/IBEW 2025 est\u00e1 rolando junto e as finais do estado est\u00e3o a poucos dias. Na quarta e quinta -feira, 20 campe\u00f5es seccionais de&hellip;<\/p>","protected":false},"author":1,"featured_media":102665,"comment_status":"closed","ping_status":"open","sticky":false,"template":"","format":"standard","meta":{"content-type":"","footnotes":""},"categories":[1],"tags":[],"class_list":["post-102664","post","type-post","status-publish","format-standard","has-post-thumbnail","hentry","category-uncategorized"],"_links":{"self":[{"href":"https:\/\/tvbrazilusa.com\/pt\/wp-json\/wp\/v2\/posts\/102664","targetHints":{"allow":["GET"]}}],"collection":[{"href":"https:\/\/tvbrazilusa.com\/pt\/wp-json\/wp\/v2\/posts"}],"about":[{"href":"https:\/\/tvbrazilusa.com\/pt\/wp-json\/wp\/v2\/types\/post"}],"author":[{"embeddable":true,"href":"https:\/\/tvbrazilusa.com\/pt\/wp-json\/wp\/v2\/users\/1"}],"replies":[{"embeddable":true,"href":"https:\/\/tvbrazilusa.com\/pt\/wp-json\/wp\/v2\/comments?post=102664"}],"version-history":[{"count":1,"href":"https:\/\/tvbrazilusa.com\/pt\/wp-json\/wp\/v2\/posts\/102664\/revisions"}],"predecessor-version":[{"id":102666,"href":"https:\/\/tvbrazilusa.com\/pt\/wp-json\/wp\/v2\/posts\/102664\/revisions\/102666"}],"wp:featuredmedia":[{"embeddable":true,"href":"https:\/\/tvbrazilusa.com\/pt\/wp-json\/wp\/v2\/media\/102665"}],"wp:attachment":[{"href":"https:\/\/tvbrazilusa.com\/pt\/wp-json\/wp\/v2\/media?parent=102664"}],"wp:term":[{"taxonomy":"category","embeddable":true,"href":"https:\/\/tvbrazilusa.com\/pt\/wp-json\/wp\/v2\/categories?post=102664"},{"taxonomy":"post_tag","embeddable":true,"href":"https:\/\/tvbrazilusa.com\/pt\/wp-json\/wp\/v2\/tags?post=102664"}],"curies":[{"name":"wp","href":"https:\/\/api.w.org\/{rel}","templated":true}]}}