{"id":10268,"date":"2024-07-28T00:37:33","date_gmt":"2024-07-28T00:37:33","guid":{"rendered":"https:\/\/tvbrazilusa.com\/2024\/07\/28\/ditador-maduro-convocou-embaixadores-para-reuniao-as-vesperas-de-eleicao-paulo-figueiredo\/"},"modified":"2024-07-28T00:46:26","modified_gmt":"2024-07-28T00:46:26","slug":"ditador-maduro-convocou-embaixadores-para-reuniao-as-vesperas-de-eleicao-paulo-figueiredo","status":"publish","type":"post","link":"https:\/\/tvbrazilusa.com\/pt\/2024\/07\/28\/ditador-maduro-convocou-embaixadores-para-reuniao-as-vesperas-de-eleicao-paulo-figueiredo\/","title":{"rendered":"Ditador Maduro convocou embaixadores para reuni\u00e3o \u00e0s v\u00e9speras de elei\u00e7\u00e3o &#8211; Paulo Figueiredo"},"content":{"rendered":"<p> <script async src=\"https:\/\/pagead2.googlesyndication.com\/pagead\/js\/adsbygoogle.js?client=ca-pub-8864793242727901\"\r\n     crossorigin=\"anonymous\"><\/script><br \/>\n<\/p>\n<div id=\"wtr-content\" data-bg=\"#FFFFFF\" data-fg=\"#006d91\" data-width=\"25\" data-mute=\"1\" data-fgopacity=\"1.00\" data-mutedopacity=\"0.5\" data-placement=\"bottom\" data-placement-offset=\"0\" data-content-offset=\"262\" data-placement-touch=\"bottom\" data-placement-offset-touch=\"0\" data-transparent=\"\" data-shadow=\"0\" data-touch=\"1\" data-non-touch=\"1\" data-comments=\"0\" data-commentsbg=\"transparent\" data-location=\"page\" data-mutedfg=\"#006d91\" data-endfg=\"#006d91\" data-rtl=\"\">\n<h3 class=\"wp-block-heading\">O ditador fez o chamado de \u00faltima hora para encontro no Pal\u00e1cio de Miraflores, em Caracas na tarde de hoje, 27\/07<\/h3>\n<p>O Ditador da Venezuela, Nicol\u00e1s Maduro (Partido Socialista Unidos da Venezuela, esquerda), convocou neste s\u00e1bado (27.jul.2024) os embaixadores estrangeiros para uma reuni\u00e3o de \u00faltima hora no Pal\u00e1cio de Miraflores, sede da Presid\u00eancia, em Caracas. O encontro estava marcado para come\u00e7ar \u00e0s 16h no hor\u00e1rio local (17h em Bras\u00edlia).<\/p>\n<p>A informa\u00e7\u00e3o foi publicada pelo jornal\u00a0<em>O Globo<\/em>. O\u00a0<strong>Poder360\u00a0<\/strong>confirmou que a embaixadora brasileira no pa\u00eds vizinho, Gliv\u00e2nia Maria de Oliveira, participou do encontro.<\/p>\n<p>Maduro tenta a reelei\u00e7\u00e3o em busca de seu 4\u00ba mandato, mas enfrenta desconfian\u00e7as da oposi\u00e7\u00e3o e de outros pa\u00edses de que respeitar\u00e1 o resultado eleitoral em caso de derrota. O pleito ser\u00e1 realizado no domingo (28.jul.2024).<\/p>\n<h3 class=\"wp-block-heading\">O ENVIADO DE LULA<\/h3>\n<p>O assessor especial da Presid\u00eancia brasileira, Celso Amorim, que est\u00e1 em Caracas desde 6\u00aa feira (26.jul), n\u00e3o participa do encontro com Maduro. Enviado pelo presidente\u00a0Luiz In\u00e1cio Lula da Silva\u00a0(PT), ele \u00e9 um dos principais nomes do cen\u00e1rio internacional que est\u00e3o no pa\u00eds para acompanhar o processo eleitoral.<\/p>\n<p>Amorim\u00a0se reuniu com representantes do governo de Maduro e do candidato de oposi\u00e7\u00e3o, Edmundo Gonz\u00e1lez Urrutia (Plataforma Unit\u00e1ria Democr\u00e1tica, centro-direita).<\/p>\n<p>O assessor chegou \u00e0 capital Caracas no in\u00edcio da noite de 6\u00aa feira (26.jul). Ainda no mesmo dia se encontrou com o chanceler venezuelano, Yvan Gil. Em seu\u00a0perfil\u00a0no X (antigo Twitter), Gil afirmou que a reuni\u00e3o foi cordial.<\/p>\n<p><em>\u201cDiscutimos a relev\u00e2ncia destas elei\u00e7\u00f5es e o clima de paz que se respira na Venezuela, a impec\u00e1vel organiza\u00e7\u00e3o do processo por parte do nosso Poder Eleitoral, um dos mais transparentes e seguros do mundo. Aproveitamos a oportunidade para discutir os grandes desafios de transmitir informa\u00e7\u00f5es verdadeiras baseadas no respeito absoluto \u00e0 legisla\u00e7\u00e3o venezuelana\u201d,<\/em>\u00a0escreveu.<\/p>\n<div class=\"wp-block-image\">\n<figure class=\"aligncenter size-large is-resized\"><\/figure>\n<\/div>\n<p>Na manh\u00e3 deste s\u00e1bado (27.jul), Amorim se reuniu com um representante da campanha de Gonz\u00e1les, principal opositor do atual governo. Tamb\u00e9m esteve com integrantes do\u00a0Carter Center, uma das poucas organiza\u00e7\u00f5es internacionais aceita como observadora no processo eleitoral, e com representantes da ONU (Organiza\u00e7\u00e3o das Na\u00e7\u00f5es Unidas).<\/p>\n<p><strong><a href=\"https:\/\/www.poder360.com.br\/poder-internacional\/eleicoes-poder-internacional\/maduro-convoca-embaixadores-para-reuniao-as-vesperas-de-eleicao\/\">Source link<\/a><\/strong><\/p>\n<\/div>\n<p><br \/>\n<br \/><a href=\"https:\/\/paulofigueiredoshow.com\/ditador-maduro-convocou-embaixadores-para-reuniao-as-vesperas-de-eleicao\/\">Source link <\/a><\/p>","protected":false},"excerpt":{"rendered":"<p>O ditador fez o chamado de \u00faltima hora para encontro no Pal\u00e1cio de Miraflores, em Caracas na tarde de hoje, 27\/07 O Ditador da Venezuela, Nicol\u00e1s Maduro (Partido Socialista Unidos&hellip;<\/p>","protected":false},"author":1,"featured_media":10269,"comment_status":"closed","ping_status":"open","sticky":false,"template":"","format":"standard","meta":{"content-type":"","footnotes":""},"categories":[16],"tags":[442,1100,3071,3072,3073,1590,3074,1101],"class_list":["post-10268","post","type-post","status-publish","format-standard","has-post-thumbnail","hentry","category-noticias","tag-da","tag-ditador","tag-eleicao","tag-embaixadores","tag-emergencial","tag-maduro","tag-reuniao","tag-venezuela"],"_links":{"self":[{"href":"https:\/\/tvbrazilusa.com\/pt\/wp-json\/wp\/v2\/posts\/10268","targetHints":{"allow":["GET"]}}],"collection":[{"href":"https:\/\/tvbrazilusa.com\/pt\/wp-json\/wp\/v2\/posts"}],"about":[{"href":"https:\/\/tvbrazilusa.com\/pt\/wp-json\/wp\/v2\/types\/post"}],"author":[{"embeddable":true,"href":"https:\/\/tvbrazilusa.com\/pt\/wp-json\/wp\/v2\/users\/1"}],"replies":[{"embeddable":true,"href":"https:\/\/tvbrazilusa.com\/pt\/wp-json\/wp\/v2\/comments?post=10268"}],"version-history":[{"count":1,"href":"https:\/\/tvbrazilusa.com\/pt\/wp-json\/wp\/v2\/posts\/10268\/revisions"}],"predecessor-version":[{"id":10270,"href":"https:\/\/tvbrazilusa.com\/pt\/wp-json\/wp\/v2\/posts\/10268\/revisions\/10270"}],"wp:featuredmedia":[{"embeddable":true,"href":"https:\/\/tvbrazilusa.com\/pt\/wp-json\/wp\/v2\/media\/10269"}],"wp:attachment":[{"href":"https:\/\/tvbrazilusa.com\/pt\/wp-json\/wp\/v2\/media?parent=10268"}],"wp:term":[{"taxonomy":"category","embeddable":true,"href":"https:\/\/tvbrazilusa.com\/pt\/wp-json\/wp\/v2\/categories?post=10268"},{"taxonomy":"post_tag","embeddable":true,"href":"https:\/\/tvbrazilusa.com\/pt\/wp-json\/wp\/v2\/tags?post=10268"}],"curies":[{"name":"wp","href":"https:\/\/api.w.org\/{rel}","templated":true}]}}