{"id":102696,"date":"2025-02-14T10:18:11","date_gmt":"2025-02-14T10:18:11","guid":{"rendered":"https:\/\/tvbrazilusa.com\/2025\/02\/14\/hugo-motta-avalia-candidatura-ao-governo-da-paraiba-em-2026\/"},"modified":"2025-02-14T10:18:12","modified_gmt":"2025-02-14T10:18:12","slug":"hugo-motta-avalia-candidatura-ao-governo-da-paraiba-em-2026","status":"publish","type":"post","link":"https:\/\/tvbrazilusa.com\/pt\/2025\/02\/14\/hugo-motta-avalia-candidatura-ao-governo-da-paraiba-em-2026\/","title":{"rendered":"Hugo Motta avalia candidatura ao governo da Para\u00edba em 2026"},"content":{"rendered":"<p> <script async src=\"https:\/\/pagead2.googlesyndication.com\/pagead\/js\/adsbygoogle.js?client=ca-pub-8864793242727901\"\r\n     crossorigin=\"anonymous\"><\/script><br \/>\n<\/p>\n<div id=\"taboola-read-more\" style=\"display:block; width:100%\">\n<p>Ap\u00f3s ser eleito presidente da C\u00e2mara dos deputados com apoio do PL, PT e outros 16 partidos, Hugo Motta (Republicanos-PB) n\u00e3o descartou a possibilidade de concorrer a chefia do governo da Para\u00edba no pr\u00f3ximo ano. Segundo o parlamentar, ele estar\u00e1 onde o povo para\u00edba quiser.\n<\/p>\n<p>\u201cEu quero deixar aqui de forma muito tranquila na nossa posi\u00e7\u00e3o, de que eu estarei em 26, aonde o povo da Para\u00edba quiser e achar que \u00e9 melhor para o nosso estado\u201d, falou.<\/p>\n<p>O deputado paraibano derrotou Marcel van Hattem (Novo-RS) e Pastor Henrique Vieira (PSOL-RJ) e se tornou o parlamentar mais jovem a assumir a fun\u00e7\u00e3o, Motta presidir\u00e1 a Casa at\u00e9 2027.\n<\/p>\n<p>Fonte: Click PB              <\/p>\n<\/div>\n<p><br \/>\n<br \/><a href=\"https:\/\/diariodobrasilnoticias.com.br\/noticia\/hugo-motta-avalia-candidatura-ao-governo-da-paraiba-em-2026-67af15eacd4bf\">Source link <\/a><\/p>","protected":false},"excerpt":{"rendered":"<p>Ap\u00f3s ser eleito presidente da C\u00e2mara dos deputados com apoio do PL, PT e outros 16 partidos, Hugo Motta (Republicanos-PB) n\u00e3o descartou a possibilidade de concorrer a chefia do governo&hellip;<\/p>","protected":false},"author":1,"featured_media":102697,"comment_status":"closed","ping_status":"open","sticky":false,"template":"","format":"standard","meta":{"content-type":"","footnotes":""},"categories":[16],"tags":[123,2448,5313,1267],"class_list":["post-102696","post","type-post","status-publish","format-standard","has-post-thumbnail","hentry","category-noticias","tag-brasil","tag-diario","tag-noticia","tag-noticias"],"_links":{"self":[{"href":"https:\/\/tvbrazilusa.com\/pt\/wp-json\/wp\/v2\/posts\/102696","targetHints":{"allow":["GET"]}}],"collection":[{"href":"https:\/\/tvbrazilusa.com\/pt\/wp-json\/wp\/v2\/posts"}],"about":[{"href":"https:\/\/tvbrazilusa.com\/pt\/wp-json\/wp\/v2\/types\/post"}],"author":[{"embeddable":true,"href":"https:\/\/tvbrazilusa.com\/pt\/wp-json\/wp\/v2\/users\/1"}],"replies":[{"embeddable":true,"href":"https:\/\/tvbrazilusa.com\/pt\/wp-json\/wp\/v2\/comments?post=102696"}],"version-history":[{"count":1,"href":"https:\/\/tvbrazilusa.com\/pt\/wp-json\/wp\/v2\/posts\/102696\/revisions"}],"predecessor-version":[{"id":102698,"href":"https:\/\/tvbrazilusa.com\/pt\/wp-json\/wp\/v2\/posts\/102696\/revisions\/102698"}],"wp:featuredmedia":[{"embeddable":true,"href":"https:\/\/tvbrazilusa.com\/pt\/wp-json\/wp\/v2\/media\/102697"}],"wp:attachment":[{"href":"https:\/\/tvbrazilusa.com\/pt\/wp-json\/wp\/v2\/media?parent=102696"}],"wp:term":[{"taxonomy":"category","embeddable":true,"href":"https:\/\/tvbrazilusa.com\/pt\/wp-json\/wp\/v2\/categories?post=102696"},{"taxonomy":"post_tag","embeddable":true,"href":"https:\/\/tvbrazilusa.com\/pt\/wp-json\/wp\/v2\/tags?post=102696"}],"curies":[{"name":"wp","href":"https:\/\/api.w.org\/{rel}","templated":true}]}}