{"id":102708,"date":"2025-02-14T10:52:49","date_gmt":"2025-02-14T10:52:49","guid":{"rendered":"https:\/\/tvbrazilusa.com\/2025\/02\/14\/bolsonaro-se-reune-com-comitiva-da-oea-e-denuncia-moraes\/"},"modified":"2025-02-14T10:52:51","modified_gmt":"2025-02-14T10:52:51","slug":"bolsonaro-se-reune-com-comitiva-da-oea-e-denuncia-moraes","status":"publish","type":"post","link":"https:\/\/tvbrazilusa.com\/pt\/2025\/02\/14\/bolsonaro-se-reune-com-comitiva-da-oea-e-denuncia-moraes\/","title":{"rendered":"Bolsonaro se re\u00fane com comitiva da OEA e denuncia Moraes"},"content":{"rendered":"<p> <script async src=\"https:\/\/pagead2.googlesyndication.com\/pagead\/js\/adsbygoogle.js?client=ca-pub-8864793242727901\"\r\n     crossorigin=\"anonymous\"><\/script><br \/>\n<\/p>\n<div id=\"taboola-read-more\" style=\"display:block; width:100%\">\n<p>O ex-presidente Jair Bolsonaro revelou \u00e0 coluna que se reuniu pessoalmente com integrantes da Organiza\u00e7\u00e3o dos Estados Americanos, na manh\u00e3 dessa quinta-feira (13\/2), para dar seu relato sobre Alexandre de Moraes. Liderada pelo advogado colombiano Pedro Vaca Villarreal, a comitiva da OEA procurou o ex-presidente, em Bras\u00edlia, depois de ouvir tanto cr\u00edticos do ministro do STF quanto o pr\u00f3prio magistrado\n<\/p>\n<p>Bolsonaro saiu confiante do encontro. \u201cConversamos por cerca de 50 minutos. Ele [Pedro Vaca Villarreal] se mostrou interessado no que eu falava e disse que vai fazer um relat\u00f3rio sincero sobre o que est\u00e1 acontecendo aqui no Brasil\u201d, afirmou o ex-presidente. Na reuni\u00e3o, Bolsonaro tamb\u00e9m interagiu com outras pessoas da equipe da OEA.<\/p>\n<p>Pedro Vaca Villarreal \u00e9 relator especial para a Liberdade de Express\u00e3o da Comiss\u00e3o Interamericana de Direitos Humanos (CIDH). O colegiado faz parte da OEA, da qual o Brasil \u00e9 membro junto com outros 33 pa\u00edses. A CIDH investiga den\u00fancias feitas por Bolsonaro e parlamentares de oposi\u00e7\u00e3o.\n<\/p>\n<p>No relato a Pedro Vaca, Bolsonaro refor\u00e7ou sua tese de que Alexandre de Moraes ajustaria depoimentos, faria pesca probat\u00f3ria e prenderia suspeitos sem que haja den\u00fancia formalizada. O ex-presidente argumentou que haveria uma \u201cpersegui\u00e7\u00e3o pol\u00edtica\u201d a opositores do governo, concretizada por meio de inqu\u00e9ritos no STF.\n<\/p>\n<p>Alguns sinais concretos apontam que o ministro Alexandre de Moraes ter\u00e1, pela primeira vez, dores de cabe\u00e7a com potencial de deix\u00e1-lo em situa\u00e7\u00e3o desconfort\u00e1vel. A visita da OEA ao Brasil culminar\u00e1 na produ\u00e7\u00e3o de um relat\u00f3rio robusto sofre a atua\u00e7\u00e3o do ministro do Supremo. Um indicativo dessa robustez \u00e9 de ordem econ\u00f4mica.\n<\/p>\n<p>O principal financiador da OEA \u00e9 o governo dos Estados Unidos, comandado atualmente por Donald Trump. Al\u00e9m de aliado de Bolsonaro, o presidente norte-americano tem em seu n\u00facleo duro dois desafetos de Alexandre de Moraes: o empres\u00e1rio Elon Musk e o estrategista Jason Miller, ambos alvos de decis\u00f5es judiciais do magistrado brasileiro.\n<\/p>\n<p><strong>Metr\u00f3poles<\/strong>              <\/p>\n<\/div>\n<p><br \/>\n<br \/><a href=\"https:\/\/diariodobrasilnoticias.com.br\/noticia\/bolsonaro-se-reune-com-comitiva-da-oea-e-denuncia-moraes-67af1e152a924\">Source link <\/a><\/p>","protected":false},"excerpt":{"rendered":"<p>O ex-presidente Jair Bolsonaro revelou \u00e0 coluna que se reuniu pessoalmente com integrantes da Organiza\u00e7\u00e3o dos Estados Americanos, na manh\u00e3 dessa quinta-feira (13\/2), para dar seu relato sobre Alexandre de&hellip;<\/p>","protected":false},"author":1,"featured_media":102709,"comment_status":"closed","ping_status":"open","sticky":false,"template":"","format":"standard","meta":{"content-type":"","footnotes":""},"categories":[16],"tags":[123,2448,5313,1267],"class_list":["post-102708","post","type-post","status-publish","format-standard","has-post-thumbnail","hentry","category-noticias","tag-brasil","tag-diario","tag-noticia","tag-noticias"],"_links":{"self":[{"href":"https:\/\/tvbrazilusa.com\/pt\/wp-json\/wp\/v2\/posts\/102708","targetHints":{"allow":["GET"]}}],"collection":[{"href":"https:\/\/tvbrazilusa.com\/pt\/wp-json\/wp\/v2\/posts"}],"about":[{"href":"https:\/\/tvbrazilusa.com\/pt\/wp-json\/wp\/v2\/types\/post"}],"author":[{"embeddable":true,"href":"https:\/\/tvbrazilusa.com\/pt\/wp-json\/wp\/v2\/users\/1"}],"replies":[{"embeddable":true,"href":"https:\/\/tvbrazilusa.com\/pt\/wp-json\/wp\/v2\/comments?post=102708"}],"version-history":[{"count":1,"href":"https:\/\/tvbrazilusa.com\/pt\/wp-json\/wp\/v2\/posts\/102708\/revisions"}],"predecessor-version":[{"id":102710,"href":"https:\/\/tvbrazilusa.com\/pt\/wp-json\/wp\/v2\/posts\/102708\/revisions\/102710"}],"wp:featuredmedia":[{"embeddable":true,"href":"https:\/\/tvbrazilusa.com\/pt\/wp-json\/wp\/v2\/media\/102709"}],"wp:attachment":[{"href":"https:\/\/tvbrazilusa.com\/pt\/wp-json\/wp\/v2\/media?parent=102708"}],"wp:term":[{"taxonomy":"category","embeddable":true,"href":"https:\/\/tvbrazilusa.com\/pt\/wp-json\/wp\/v2\/categories?post=102708"},{"taxonomy":"post_tag","embeddable":true,"href":"https:\/\/tvbrazilusa.com\/pt\/wp-json\/wp\/v2\/tags?post=102708"}],"curies":[{"name":"wp","href":"https:\/\/api.w.org\/{rel}","templated":true}]}}