{"id":102732,"date":"2025-02-14T12:09:03","date_gmt":"2025-02-14T12:09:03","guid":{"rendered":"https:\/\/tvbrazilusa.com\/2025\/02\/14\/arthur-lira-realiza-jantar-de-despedida-na-residencia-oficial-da-camara-veja-video\/"},"modified":"2025-02-14T12:09:05","modified_gmt":"2025-02-14T12:09:05","slug":"arthur-lira-realiza-jantar-de-despedida-na-residencia-oficial-da-camara-veja-video","status":"publish","type":"post","link":"https:\/\/tvbrazilusa.com\/pt\/2025\/02\/14\/arthur-lira-realiza-jantar-de-despedida-na-residencia-oficial-da-camara-veja-video\/","title":{"rendered":"Arthur Lira realiza jantar de despedida na resid\u00eancia oficial da C\u00e2mara; VEJA V\u00cdDEO"},"content":{"rendered":"<p> <script async src=\"https:\/\/pagead2.googlesyndication.com\/pagead\/js\/adsbygoogle.js?client=ca-pub-8864793242727901\"\r\n     crossorigin=\"anonymous\"><\/script><br \/>\n<\/p>\n<div>\n<figure class=\"post-image\">\n<\/figure>\n<p>            <span style=\"font-size: 12px\">(cr\u00e9dito: Denise Rothenburg \/ CB\/DaPress)<\/span><\/p>\n<p>            <!-- end metas --><br \/>\n            <!-- ADS --><\/p>\n<div id=\"taboola-read-more\" style=\"display:block; width:100%\">\n<p>O presidente da C\u00e2mara dos Deputados, Arthur Lira, realiza um jantar de despedida do cargo na noite desta sexta-feira (31) na resid\u00eancia oficial, no Lago Sul, em Bras\u00edlia. Todos os deputados foram convidados para o evento, jantar, acompanhado de m\u00fasicas e bebidas para os presentes. O Arthur Lira encerra seu per\u00edodo \u00e0 frente da casa legislativa, mas deve se manter com um l\u00edder na articula\u00e7\u00e3o pol\u00edtica entre os congressistas. A elei\u00e7\u00e3o para o cargo deixado por Lira ser\u00e1 realizada neste s\u00e1bado (1\u00b0\/2).<\/p>\n<p>Arthur Lira esteve \u00e0 frente da C\u00e2mara na gest\u00e3o do ex-presidente Jair Bolsonaro, onde colecionou pol\u00eamicas, como o engavetamento de in\u00fameros pedidos de impeachment que foram apresentados por partidos pol\u00edticos, cidad\u00e3os e entidades, e ficou at\u00e9 metade da gest\u00e3o do presidente Luiz In\u00e1cio Lula da Silva. Na gest\u00e3o Lula, o embate de Lira com o Supremo Tribunal Federal (STF), ganhou destaque. Decis\u00f5es do ministro Fl\u00e1vio Dino que bloquearam o pagamento de emendas parlamentares levantaram a ira no parlamento e gerou rea\u00e7\u00e3o de Lira.\n<\/p>\n<p>ASSISTA:<\/p>\n<p>Fonte: Correio Braziliense              <\/p>\n<\/div>\n<p>                        <!-- Scripts para conteudo --><\/p>\n<p>            <!-- .\/Scripts para conteudo --><br \/>\n            <!-- .\/Mat\u00e9ria --><\/p>\n<div class=\"row mt-3\">\n<div class=\"col-sm-6\">\n                <!-- Whatsapp channel 3--><br \/>\n                <a href=\"https:\/\/chat.whatsapp.com\/B8Qy6Erx4kb6yTzj3kaDco\" target=\"_blank\"><br \/>\n                  <img decoding=\"async\" src=\"https:\/\/diariodobrasilnoticias.com.br\/assets-site\/images\/bot_whatsapp.png\"\/><\/a>\n              <\/div>\n<div class=\"col-sm-6\">\n                <a href=\"https:\/\/t.me\/+_4gTmi5LKo03OTM5\" target=\"_blank\"><br \/>\n                  <img decoding=\"async\" src=\"https:\/\/diariodobrasilnoticias.com.br\/assets-site\/images\/bot_telegram.png\"\/><\/a>\n              <\/div>\n<\/p><\/div>\n<p>            <!-- end post-navigation --><\/p>\n<p>              <!-- end row --><\/p>\n<p>              <!-- end col-12-->\n                      <\/div>\n<p><br \/>\n<br \/><a href=\"https:\/\/diariodobrasilnoticias.com.br\/noticia\/arthur-lira-realiza-jantar-de-despedida-na-residencia-oficial-da-camara-veja-video-67af1bd13851b\">Source link <\/a><\/p>","protected":false},"excerpt":{"rendered":"<p>(cr\u00e9dito: Denise Rothenburg \/ CB\/DaPress) O presidente da C\u00e2mara dos Deputados, Arthur Lira, realiza um jantar de despedida do cargo na noite desta sexta-feira (31) na resid\u00eancia oficial, no Lago&hellip;<\/p>","protected":false},"author":1,"featured_media":102733,"comment_status":"closed","ping_status":"open","sticky":false,"template":"","format":"standard","meta":{"content-type":"","footnotes":""},"categories":[16],"tags":[123,2448,5313,1267],"class_list":["post-102732","post","type-post","status-publish","format-standard","has-post-thumbnail","hentry","category-noticias","tag-brasil","tag-diario","tag-noticia","tag-noticias"],"_links":{"self":[{"href":"https:\/\/tvbrazilusa.com\/pt\/wp-json\/wp\/v2\/posts\/102732","targetHints":{"allow":["GET"]}}],"collection":[{"href":"https:\/\/tvbrazilusa.com\/pt\/wp-json\/wp\/v2\/posts"}],"about":[{"href":"https:\/\/tvbrazilusa.com\/pt\/wp-json\/wp\/v2\/types\/post"}],"author":[{"embeddable":true,"href":"https:\/\/tvbrazilusa.com\/pt\/wp-json\/wp\/v2\/users\/1"}],"replies":[{"embeddable":true,"href":"https:\/\/tvbrazilusa.com\/pt\/wp-json\/wp\/v2\/comments?post=102732"}],"version-history":[{"count":1,"href":"https:\/\/tvbrazilusa.com\/pt\/wp-json\/wp\/v2\/posts\/102732\/revisions"}],"predecessor-version":[{"id":102734,"href":"https:\/\/tvbrazilusa.com\/pt\/wp-json\/wp\/v2\/posts\/102732\/revisions\/102734"}],"wp:featuredmedia":[{"embeddable":true,"href":"https:\/\/tvbrazilusa.com\/pt\/wp-json\/wp\/v2\/media\/102733"}],"wp:attachment":[{"href":"https:\/\/tvbrazilusa.com\/pt\/wp-json\/wp\/v2\/media?parent=102732"}],"wp:term":[{"taxonomy":"category","embeddable":true,"href":"https:\/\/tvbrazilusa.com\/pt\/wp-json\/wp\/v2\/categories?post=102732"},{"taxonomy":"post_tag","embeddable":true,"href":"https:\/\/tvbrazilusa.com\/pt\/wp-json\/wp\/v2\/tags?post=102732"}],"curies":[{"name":"wp","href":"https:\/\/api.w.org\/{rel}","templated":true}]}}