{"id":102744,"date":"2025-02-14T12:57:08","date_gmt":"2025-02-14T12:57:08","guid":{"rendered":"https:\/\/tvbrazilusa.com\/2025\/02\/14\/herois-esquecidos-como-o-brasil-deixou-para-tras-seus-herois-da-segunda-guerra-mundial\/"},"modified":"2025-02-14T12:57:10","modified_gmt":"2025-02-14T12:57:10","slug":"herois-esquecidos-como-o-brasil-deixou-para-tras-seus-herois-da-segunda-guerra-mundial","status":"publish","type":"post","link":"https:\/\/tvbrazilusa.com\/pt\/2025\/02\/14\/herois-esquecidos-como-o-brasil-deixou-para-tras-seus-herois-da-segunda-guerra-mundial\/","title":{"rendered":"Her\u00f3is esquecidos: Como o Brasil deixou para tr\u00e1s seus her\u00f3is da Segunda Guerra Mundial"},"content":{"rendered":"<p> <script async src=\"https:\/\/pagead2.googlesyndication.com\/pagead\/js\/adsbygoogle.js?client=ca-pub-8864793242727901\"\r\n     crossorigin=\"anonymous\"><\/script><br \/>\n<\/p>\n<div>\n<figure class=\"post-image\">\n<\/figure>\n<p>            <span style=\"font-size: 12px\">(Divulga\u00e7\u00e3o)<\/span><\/p>\n<p>            <!-- end metas --><br \/>\n            <!-- ADS --><\/p>\n<div id=\"taboola-read-more\" style=\"display:block; width:100%\">\n<p><strong>O Brasil depois da Segunda Guerra Mundial: promessas vazias, esquecimento e a luta dos ex-combatentes<\/strong><br \/>A For\u00e7a Expedicion\u00e1ria Brasileira (FEB) voltou para casa com a miss\u00e3o cumprida. No entanto, o Brasil n\u00e3o estava nem um pouco preparado para receb\u00ea-los ap\u00f3s a Segunda Guerra Mundial. O que era para ser um retorno glorioso virou uma sucess\u00e3o de desafios, promessas n\u00e3o cumpridas e o cl\u00e1ssico esquecimento por parte do governo e da sociedade.\n<\/p>\n<p>De her\u00f3is a esquecidos: a dif\u00edcil reinser\u00e7\u00e3o dos combatentes<\/p>\n<p>Os pracinhas que lutaram na It\u00e1lia esperavam ser recebidos como her\u00f3is. Na pr\u00e1tica, muitos foram deixados \u00e0 pr\u00f3pria sorte, enfrentando dificuldades financeiras, psicol\u00f3gicas e sociais. A adapta\u00e7\u00e3o \u00e0 vida civil foi tudo, menos f\u00e1cil.\n<\/p>\n<ol>\n<li><strong>Problemas psicol\u00f3gicos:<\/strong>\u00a0A guerra n\u00e3o termina quando os soldados voltam para casa. Muitos ex-combatentes trouxeram na bagagem n\u00e3o apenas medalhas, mas traumas profundos. Transtorno de estresse p\u00f3s-traum\u00e1tico (TEPT) que, naquela \u00e9poca, nem era reconhecido como um problema leg\u00edtimo, afetou os soldados. Quem voltava com sequelas psicol\u00f3gicas era visto apenas como \u201c<em>fraco<\/em>\u201c.<\/li>\n<li><strong>Dificuldades financeiras:<\/strong>\u00a0A promessa de apoio governamental rapidamente evaporou. O Brasil, ainda com uma economia inst\u00e1vel, n\u00e3o tinha empregos para absorver os ex-combatentes da Segunda Guerra Mundial. Muitos ficaram sem trabalho, sem assist\u00eancia e sem perspectivas.<\/li>\n<li><strong>Desvaloriza\u00e7\u00e3o e marginaliza\u00e7\u00e3o:<\/strong>\u00a0Se por um lado a FEB era lembrada em discursos patri\u00f3ticos, na pr\u00e1tica os soldados foram largados no esquecimento. Muitos que voltaram com freimentos n\u00e3o tiveram suporte. Os militares foram for\u00e7ados a depender da caridade ou a viver de empregos prec\u00e1rios.<\/li>\n<\/ol>\n<p>O legado da FEB: moderniza\u00e7\u00e3o militar e influ\u00eancia pol\u00edtica<br \/>Mesmo com todo esse descaso, a experi\u00eancia da FEB deixou algumas marcas importantes no pa\u00eds:\n<\/p>\n<ol>\n<li><strong>For\u00e7as Armadas mais modernas:<\/strong>\u00a0O Brasil aprendeu muito com a Segunda Guerra Mundial. As For\u00e7as Armadas atualizaram equipamentos, t\u00e1ticas e, principalmente, doutrinas. A FEB ajudou a profissionalizar as For\u00e7as Armadas e a inserir o pa\u00eds em um cen\u00e1rio militar mais moderno.<\/li>\n<li><strong>Influ\u00eancia na pol\u00edtica:<\/strong>\u00a0Muitos ex-combatentes ingressaram na pol\u00edtica. Alguns defenderam reformas e melhorias para os veteranos, enquanto outros ajudaram a moldar o pensamento militar que influenciaria a pol\u00edtica brasileira nas d\u00e9cadas seguintes.<\/li>\n<li><strong>Fortalecimento do nacionalismo:<\/strong>\u00a0A guerra despertou um novo sentimento de identidade nacional. O Brasil, at\u00e9 ent\u00e3o um pa\u00eds de posi\u00e7\u00e3o amb\u00edgua no cen\u00e1rio internacional, passou a se ver como uma na\u00e7\u00e3o com papel ativo na geopol\u00edtica.<\/li>\n<\/ol>\n<p><strong>O esquecimento e a redescoberta da Hist\u00f3ria<\/strong><br \/>Por d\u00e9cadas, a participa\u00e7\u00e3o do Brasil na Segunda Guerra Mundial ficou em segundo plano. O governo de Get\u00falio Vargas, que entrou no conflito sobretudo por press\u00e3o dos EUA, n\u00e3o tinha grande interesse em exaltar a FEB. Afinal, o Brasil lutou contra regimes autorit\u00e1rios enquanto ainda vivia sob uma ditadura.\n<\/p>\n<p>S\u00f3 nas \u00faltimas d\u00e9cadas o interesse pela hist\u00f3ria da FEB cresceu. Document\u00e1rios, livros e pesquisas come\u00e7aram a resgatar o papel dos pracinhas na guerra, tentando corrigir a injusti\u00e7a hist\u00f3rica do esquecimento.\n<\/p>\n<p>Em suma, a hist\u00f3ria do Brasil no p\u00f3s-guerra n\u00e3o foi de gl\u00f3ria para quem lutou. Os soldados que voltaram tiveram que enfrentar um novo inimigo: o descaso. O pa\u00eds que os enviou ao front os abandonou quando voltaram.<\/p>\n<p>Fonte: Sociedade Militar              <\/p>\n<\/div>\n<p>                        <!-- Scripts para conteudo --><\/p>\n<p>            <!-- .\/Scripts para conteudo --><br \/>\n            <!-- .\/Mat\u00e9ria --><\/p>\n<div class=\"row mt-3\">\n<div class=\"col-sm-6\">\n                <!-- Whatsapp channel 3--><br \/>\n                <a href=\"https:\/\/chat.whatsapp.com\/B8Qy6Erx4kb6yTzj3kaDco\" target=\"_blank\"><br \/>\n                  <img decoding=\"async\" src=\"https:\/\/diariodobrasilnoticias.com.br\/assets-site\/images\/bot_whatsapp.png\"\/><\/a>\n              <\/div>\n<div class=\"col-sm-6\">\n                <a href=\"https:\/\/t.me\/+_4gTmi5LKo03OTM5\" target=\"_blank\"><br \/>\n                  <img decoding=\"async\" src=\"https:\/\/diariodobrasilnoticias.com.br\/assets-site\/images\/bot_telegram.png\"\/><\/a>\n              <\/div>\n<\/p><\/div>\n<p>            <!-- end post-navigation --><\/p>\n<p>              <!-- end row --><\/p>\n<p>              <!-- end col-12-->\n                      <\/div>\n<p><br \/>\n<br \/><a href=\"https:\/\/diariodobrasilnoticias.com.br\/noticia\/herois-esquecidos-como-o-brasil-deixou-para-tras-seus-herois-da-segunda-guerra-mundial-67af357d1e906\">Source link <\/a><\/p>","protected":false},"excerpt":{"rendered":"<p>(Divulga\u00e7\u00e3o) O Brasil depois da Segunda Guerra Mundial: promessas vazias, esquecimento e a luta dos ex-combatentesA For\u00e7a Expedicion\u00e1ria Brasileira (FEB) voltou para casa com a miss\u00e3o cumprida. No entanto, o&hellip;<\/p>","protected":false},"author":1,"featured_media":102745,"comment_status":"closed","ping_status":"open","sticky":false,"template":"","format":"standard","meta":{"content-type":"","footnotes":""},"categories":[16],"tags":[123,2448,5313,1267],"class_list":["post-102744","post","type-post","status-publish","format-standard","has-post-thumbnail","hentry","category-noticias","tag-brasil","tag-diario","tag-noticia","tag-noticias"],"_links":{"self":[{"href":"https:\/\/tvbrazilusa.com\/pt\/wp-json\/wp\/v2\/posts\/102744","targetHints":{"allow":["GET"]}}],"collection":[{"href":"https:\/\/tvbrazilusa.com\/pt\/wp-json\/wp\/v2\/posts"}],"about":[{"href":"https:\/\/tvbrazilusa.com\/pt\/wp-json\/wp\/v2\/types\/post"}],"author":[{"embeddable":true,"href":"https:\/\/tvbrazilusa.com\/pt\/wp-json\/wp\/v2\/users\/1"}],"replies":[{"embeddable":true,"href":"https:\/\/tvbrazilusa.com\/pt\/wp-json\/wp\/v2\/comments?post=102744"}],"version-history":[{"count":1,"href":"https:\/\/tvbrazilusa.com\/pt\/wp-json\/wp\/v2\/posts\/102744\/revisions"}],"predecessor-version":[{"id":102746,"href":"https:\/\/tvbrazilusa.com\/pt\/wp-json\/wp\/v2\/posts\/102744\/revisions\/102746"}],"wp:featuredmedia":[{"embeddable":true,"href":"https:\/\/tvbrazilusa.com\/pt\/wp-json\/wp\/v2\/media\/102745"}],"wp:attachment":[{"href":"https:\/\/tvbrazilusa.com\/pt\/wp-json\/wp\/v2\/media?parent=102744"}],"wp:term":[{"taxonomy":"category","embeddable":true,"href":"https:\/\/tvbrazilusa.com\/pt\/wp-json\/wp\/v2\/categories?post=102744"},{"taxonomy":"post_tag","embeddable":true,"href":"https:\/\/tvbrazilusa.com\/pt\/wp-json\/wp\/v2\/tags?post=102744"}],"curies":[{"name":"wp","href":"https:\/\/api.w.org\/{rel}","templated":true}]}}