{"id":102753,"date":"2025-02-14T13:24:56","date_gmt":"2025-02-14T13:24:56","guid":{"rendered":"https:\/\/tvbrazilusa.com\/2025\/02\/14\/papa-francisco-e-hospitalizado-informa-o-vaticano\/"},"modified":"2025-02-14T13:24:57","modified_gmt":"2025-02-14T13:24:57","slug":"papa-francisco-e-hospitalizado-informa-o-vaticano","status":"publish","type":"post","link":"https:\/\/tvbrazilusa.com\/pt\/2025\/02\/14\/papa-francisco-e-hospitalizado-informa-o-vaticano\/","title":{"rendered":"Papa Francisco \u00e9 hospitalizado, informa o Vaticano"},"content":{"rendered":"<p> <script async src=\"https:\/\/pagead2.googlesyndication.com\/pagead\/js\/adsbygoogle.js?client=ca-pub-8864793242727901\"\r\n     crossorigin=\"anonymous\"><\/script><br \/>\n<\/p>\n<p>O Papa Francisco, de 88 anos, foi internado para realizar exames e continuar o tratamento contra uma bronquite, nesta sexta-feira, 14. O Vaticano comunicou a interna\u00e7\u00e3o.\n<\/p>\n<p>O Vaticano informou em nota oficial que, depois de concluir suas audi\u00eancias, o Papa Francisco deu entrada no Policlinico Agostino Gemelli. O objetivo foi a realiza\u00e7\u00e3o de exames diagn\u00f3sticos essenciais e a continuidade do tratamento da bronquite em ambiente hospitalar.<\/p>\n<p>Desde o in\u00edcio de fevereiro, o pont\u00edfice enfrenta essa bronquite e teve dificuldades para discursar durante compromissos religiosos recentes. Em pelo menos duas ocasi\u00f5es, pediu a um assessor que lesse o serm\u00e3o, pois relatou \u201cdificuldades respirat\u00f3rias\u201d. Durante uma cerim\u00f4nia nesta semana, apresentou sinais de cansa\u00e7o e esfor\u00e7o para respirar.\n<\/p>\n<div id=\"hd80s9wa1h892edh8192\">\n<p>Francisco lidera a\u00a0<strong><a href=\"https:\/\/revistaoeste.com\/tag\/igreja-catolica\" target=\"_blank\" rel=\"noopener noreferrer\">Igreja Cat\u00f3lica<\/a><\/strong>\u00a0desde 2013. Nos \u00faltimos dois anos, sofreu diversos problemas de sa\u00fade, como dores nos joelhos e quadris, inflama\u00e7\u00e3o no c\u00f3lon e uma cirurgia para corre\u00e7\u00e3o de h\u00e9rnia. Al\u00e9m disso, passou por pequenos acidentes dom\u00e9sticos, incluindo uma queda em janeiro e um hematoma no queixo registrado em dezembro de 2024.\n<\/p>\n<p>Na juventude, perdeu parte de um dos pulm\u00f5es. Em 2023, permaneceu tr\u00eas dias hospitalizado para tratar uma bronquite com antibi\u00f3ticos.\n<\/p>\n<p>No in\u00edcio de fevereiro, o pont\u00edfice informou aos fi\u00e9is, durante uma audi\u00eancia semanal, que tinha um \u201cforte resfriado\u201d. Posteriormente, o\u00a0<strong><a href=\"https:\/\/revistaoeste.com\/tag\/vaticano\" target=\"_blank\" rel=\"noopener noreferrer\">Vaticano<\/a><\/strong>\u00a0esclareceu que se tratava de bronquite. Por causa do problema de sa\u00fade, o Papa realizou algumas audi\u00eancias em sua resid\u00eancia.\n<\/p>\n<\/div>\n<p><br \/>\n<br \/><a href=\"https:\/\/diariodobrasilnoticias.com.br\/noticia\/papa-francisco-e-hospitalizado-informa-o-vaticano-67af26e9bb536\">Source link <\/a><\/p>","protected":false},"excerpt":{"rendered":"<p>O Papa Francisco, de 88 anos, foi internado para realizar exames e continuar o tratamento contra uma bronquite, nesta sexta-feira, 14. O Vaticano comunicou a interna\u00e7\u00e3o. O Vaticano informou em&hellip;<\/p>","protected":false},"author":1,"featured_media":102754,"comment_status":"closed","ping_status":"open","sticky":false,"template":"","format":"standard","meta":{"content-type":"","footnotes":""},"categories":[16],"tags":[123,2448,5313,1267],"class_list":["post-102753","post","type-post","status-publish","format-standard","has-post-thumbnail","hentry","category-noticias","tag-brasil","tag-diario","tag-noticia","tag-noticias"],"_links":{"self":[{"href":"https:\/\/tvbrazilusa.com\/pt\/wp-json\/wp\/v2\/posts\/102753","targetHints":{"allow":["GET"]}}],"collection":[{"href":"https:\/\/tvbrazilusa.com\/pt\/wp-json\/wp\/v2\/posts"}],"about":[{"href":"https:\/\/tvbrazilusa.com\/pt\/wp-json\/wp\/v2\/types\/post"}],"author":[{"embeddable":true,"href":"https:\/\/tvbrazilusa.com\/pt\/wp-json\/wp\/v2\/users\/1"}],"replies":[{"embeddable":true,"href":"https:\/\/tvbrazilusa.com\/pt\/wp-json\/wp\/v2\/comments?post=102753"}],"version-history":[{"count":1,"href":"https:\/\/tvbrazilusa.com\/pt\/wp-json\/wp\/v2\/posts\/102753\/revisions"}],"predecessor-version":[{"id":102755,"href":"https:\/\/tvbrazilusa.com\/pt\/wp-json\/wp\/v2\/posts\/102753\/revisions\/102755"}],"wp:featuredmedia":[{"embeddable":true,"href":"https:\/\/tvbrazilusa.com\/pt\/wp-json\/wp\/v2\/media\/102754"}],"wp:attachment":[{"href":"https:\/\/tvbrazilusa.com\/pt\/wp-json\/wp\/v2\/media?parent=102753"}],"wp:term":[{"taxonomy":"category","embeddable":true,"href":"https:\/\/tvbrazilusa.com\/pt\/wp-json\/wp\/v2\/categories?post=102753"},{"taxonomy":"post_tag","embeddable":true,"href":"https:\/\/tvbrazilusa.com\/pt\/wp-json\/wp\/v2\/tags?post=102753"}],"curies":[{"name":"wp","href":"https:\/\/api.w.org\/{rel}","templated":true}]}}