{"id":102756,"date":"2025-02-14T13:36:03","date_gmt":"2025-02-14T13:36:03","guid":{"rendered":"https:\/\/tvbrazilusa.com\/2025\/02\/14\/adolescente-pula-em-rio-apos-temporal-e-desaparece\/"},"modified":"2025-02-14T13:36:05","modified_gmt":"2025-02-14T13:36:05","slug":"adolescente-pula-em-rio-apos-temporal-e-desaparece","status":"publish","type":"post","link":"https:\/\/tvbrazilusa.com\/pt\/2025\/02\/14\/adolescente-pula-em-rio-apos-temporal-e-desaparece\/","title":{"rendered":"Adolescente pula em rio ap\u00f3s temporal e desaparece"},"content":{"rendered":"<p> <script async src=\"https:\/\/pagead2.googlesyndication.com\/pagead\/js\/adsbygoogle.js?client=ca-pub-8864793242727901\"\r\n     crossorigin=\"anonymous\"><\/script><br \/>\n<\/p>\n<div id=\"taboola-read-more\" style=\"display:block; width:100%\">\n<p>Um adolescente, de 15 anos, pulou em um rio ap\u00f3s o temporal da tarde dessa quinta-feira (13\/2) em Blumenau (SC) e desapareceu. Os bombeiros receberam o pedido de socorro pouco antes das 18h. O helic\u00f3ptero de resgate Arcanjo 03 tamb\u00e9m chegou a ser mobilizado e sobrevoou a regi\u00e3o da Rua Henrique Conrad, na Vila Itoupava, mas at\u00e9 as 19h30 ele n\u00e3o tinha sido encontrado.\n<\/p>\n<p>Conforme informa\u00e7\u00f5es repassadas por testemunhas aos socorristas, tr\u00eas amigos pularam na \u00e1gua de brincadeira. Dois deles conseguiram sair, mas o terceiro foi arrastado e n\u00e3o retornou mais. Os bombeiros disseram que a correnteza no local era bastante forte naquele momento, principalmente porque momentos antes havia chovido muito na regi\u00e3o. A regi\u00e3o, inclusive, teve ruas alagadas.<\/p>\n<p>Fonte: Metr\u00f3poles              <\/p>\n<\/div>\n<p><br \/>\n<br \/><a href=\"https:\/\/diariodobrasilnoticias.com.br\/noticia\/adolescente-pula-em-rio-apos-temporal-e-desaparece-67af2eeb417da\">Source link <\/a><\/p>","protected":false},"excerpt":{"rendered":"<p>Um adolescente, de 15 anos, pulou em um rio ap\u00f3s o temporal da tarde dessa quinta-feira (13\/2) em Blumenau (SC) e desapareceu. Os bombeiros receberam o pedido de socorro pouco&hellip;<\/p>","protected":false},"author":1,"featured_media":102757,"comment_status":"closed","ping_status":"open","sticky":false,"template":"","format":"standard","meta":{"content-type":"","footnotes":""},"categories":[16],"tags":[123,2448,5313,1267],"class_list":["post-102756","post","type-post","status-publish","format-standard","has-post-thumbnail","hentry","category-noticias","tag-brasil","tag-diario","tag-noticia","tag-noticias"],"_links":{"self":[{"href":"https:\/\/tvbrazilusa.com\/pt\/wp-json\/wp\/v2\/posts\/102756","targetHints":{"allow":["GET"]}}],"collection":[{"href":"https:\/\/tvbrazilusa.com\/pt\/wp-json\/wp\/v2\/posts"}],"about":[{"href":"https:\/\/tvbrazilusa.com\/pt\/wp-json\/wp\/v2\/types\/post"}],"author":[{"embeddable":true,"href":"https:\/\/tvbrazilusa.com\/pt\/wp-json\/wp\/v2\/users\/1"}],"replies":[{"embeddable":true,"href":"https:\/\/tvbrazilusa.com\/pt\/wp-json\/wp\/v2\/comments?post=102756"}],"version-history":[{"count":1,"href":"https:\/\/tvbrazilusa.com\/pt\/wp-json\/wp\/v2\/posts\/102756\/revisions"}],"predecessor-version":[{"id":102758,"href":"https:\/\/tvbrazilusa.com\/pt\/wp-json\/wp\/v2\/posts\/102756\/revisions\/102758"}],"wp:featuredmedia":[{"embeddable":true,"href":"https:\/\/tvbrazilusa.com\/pt\/wp-json\/wp\/v2\/media\/102757"}],"wp:attachment":[{"href":"https:\/\/tvbrazilusa.com\/pt\/wp-json\/wp\/v2\/media?parent=102756"}],"wp:term":[{"taxonomy":"category","embeddable":true,"href":"https:\/\/tvbrazilusa.com\/pt\/wp-json\/wp\/v2\/categories?post=102756"},{"taxonomy":"post_tag","embeddable":true,"href":"https:\/\/tvbrazilusa.com\/pt\/wp-json\/wp\/v2\/tags?post=102756"}],"curies":[{"name":"wp","href":"https:\/\/api.w.org\/{rel}","templated":true}]}}