{"id":102762,"date":"2025-02-14T13:58:37","date_gmt":"2025-02-14T13:58:37","guid":{"rendered":"https:\/\/tvbrazilusa.com\/2025\/02\/14\/viagem-de-janja-e-ministro-a-roma-tem-12-membros-e-ja-custou-ao-menos-r-140-mil-saiba-quem-foi\/"},"modified":"2025-02-14T13:58:39","modified_gmt":"2025-02-14T13:58:39","slug":"viagem-de-janja-e-ministro-a-roma-tem-12-membros-e-ja-custou-ao-menos-r-140-mil-saiba-quem-foi","status":"publish","type":"post","link":"https:\/\/tvbrazilusa.com\/pt\/2025\/02\/14\/viagem-de-janja-e-ministro-a-roma-tem-12-membros-e-ja-custou-ao-menos-r-140-mil-saiba-quem-foi\/","title":{"rendered":"Viagem de Janja e ministro a Roma tem 12 membros e j\u00e1 custou ao menos R$ 140 mil; saiba quem foi"},"content":{"rendered":"<p> <script async src=\"https:\/\/pagead2.googlesyndication.com\/pagead\/js\/adsbygoogle.js?client=ca-pub-8864793242727901\"\r\n     crossorigin=\"anonymous\"><\/script><br \/>\n<\/p>\n<div id=\"taboola-read-more\" style=\"display:block; width:100%\">\n<p>A comitiva que acompanha a primeira-dama Janja Lula da Silva, e o ministro do Desenvolvimento Social (MDS), Wellington Dias (PT), em Roma, \u00e9 formada por pelo menos 12 pessoas. A viagem do grupo j\u00e1 consumiu ao menos R$ 140 mil \u2013 o valor vai ser maior, pois ainda n\u00e3o est\u00e3o dispon\u00edveis os valores de di\u00e1rias pagas a Janja, e nem os gastos com passagens dos outros viajantes, \u00e0 exce\u00e7\u00e3o das duas integrantes do Minist\u00e9rio da Fazenda.\n<\/p>\n<p>Em nota, o Minist\u00e9rio da Fazenda informou que as duas servidoras da pasta que est\u00e3o em Roma t\u00eam cargos na estrutura do Fundo Internacional de Desenvolvimento Agr\u00edcola (Fida), entidade que promove o evento do qual Janja e Wellington Dias participam. \u201cAssim, trata-se de viagem de rotina no \u00e2mbito das atividades da Secretaria de Assuntos Internacionais da Fazenda\u201d, disse a pasta. O Minist\u00e9rio do Desenvolvimento Social disse que prestaria informa\u00e7\u00f5es posteriormente, e a Presid\u00eancia da Rep\u00fablica n\u00e3o respondeu.<\/p>\n<p>Al\u00e9m de Wellington Dias e Janja, o grupo \u00e9 composto pela secret\u00e1ria de Assuntos Internacionais da Fazenda, Tatiana Rosito; uma servidora da Fazenda; tr\u00eas assessores do MDS e quatro nomes da Presid\u00eancia da Rep\u00fablica \u2013 tr\u00eas dos quais s\u00e3o integrantes do \u201cgabinete informal\u201d de Janja, revelado pelo Estad\u00e3o. O pagamento mais elevado foi o recebido pela servidora Raquel Porto Mendes Ribeiro, do Minist\u00e9rio da Fazenda: R$ 17.821,85. Ao todo, ela recebeu oito di\u00e1rias, para participar de v\u00e1rios eventos do Fundo Internacional de Desenvolvimento Agr\u00edcola (FIDA). Um deles foi a reuni\u00e3o do Conselho de Governadores do FIDA, na qual Wellington Dias e Janja discursaram.\n<\/p>\n<p>Assessores de Wellington Dias tamb\u00e9m receberam di\u00e1rias. O assessor de imprensa Allisson Bacelar, o assessor internacional Renato Domith Godinho e a gerente de projetos Roberta Aline e Silva Sousa receberam R$ 13,9 mil em di\u00e1rias, cada um. Da parte de Janja, integram o grupo a assessora de imprensa, Taynara Pretto; o ajudante de ordens Edson Ant\u00f4nio Moura Pinto; o fot\u00f3grafo Cl\u00e1udio Ad\u00e3o dos Santos Souza, o Edinho; e a assessora Julia Camilo Fernandes Silva. Cada um deles recebeu R$ 6.033,63 em di\u00e1rias. Tamb\u00e9m est\u00e1 em Roma o assessor-chefe Adjunto da Presid\u00eancia, Audo Ara\u00fajo Faleiro. Ele recebeu R$ 10.710,03 em di\u00e1rias.\n<\/p>\n<p>Em Roma, Janja e Wellington Dias participaram da reuni\u00e3o do Conselho Interino de Campe\u00f5es da Alian\u00e7a Global contra a Fome e a Pobreza, entidade internacional lan\u00e7ada pelo Brasil durante a reuni\u00e3o do G20 no Rio de Janeiro, no fim do ano passado. Al\u00e9m disso, o grupo tamb\u00e9m esteve na cerim\u00f4nia de abertura da 48\u00aa Sess\u00e3o do Conselho de Governan\u00e7a do Fundo Internacional de Desenvolvimento Agr\u00edcola (FIDA); e em reuni\u00f5es bilaterais. Janja se encontrou ainda com o Papa Francisco.\n<\/p>\n<p>Na reuni\u00e3o deste ano do Conselho de Governadores do FIDA, as autoridades presentes discutiram formas de implementar os compromissos da Alian\u00e7a Global contra a Fome e a Pobreza, grupo multilateral lan\u00e7ado na reuni\u00e3o do G20 no Rio de Janeiro, no fim do ano passado. \u201cN\u00e3o se trata de fazer o trabalho por esses Estados (que sofrem com a fome), mas sim de dar a eles as condi\u00e7\u00f5es m\u00ednimas, financiamento e conhecimento, para que possam cuidar de suas popula\u00e7\u00f5es com seus pr\u00f3prios meios. \u00c9 muito mais barato\u201d, disse Wellington Dias durante o encontro.\n<\/p>\n<p>Janja tamb\u00e9m discursou na reuni\u00e3o. Como n\u00e3o tem cargo oficial no governo, ela esteve na viagem a convite de Wellington Dias. \u201cPrecisamos de esfor\u00e7os coordenados e concretos, com uma abordagem multidisciplinar que considere a diversidade interna e externa aos pa\u00edses. Com governos, institui\u00e7\u00f5es financeiras e de conhecimento, e organiza\u00e7\u00f5es da sociedade civil trabalhando em parceria para multiplicar os impactos dos recursos que diminuem a cada dia\u201d, disse ela.\n<\/p>\n<p>Nesta quarta-feira (12), Janja reuniu-se com o Papa Francisco no Vaticano, cidade-estado pertencente \u00e0 Igreja Cat\u00f3lica e localizada no centro de Roma. \u201cA gente come\u00e7ou o dia aben\u00e7oada, encontrando o Papa Francisco. Estou muito emocionada, toda vez que encontro com ele \u00e9 uma grande emo\u00e7\u00e3o. Hoje, tivemos uma conversa breve e aproveitei para agradecer pelas ora\u00e7\u00f5es pela sa\u00fade do meu marido, que, gra\u00e7as a Deus, est\u00e1 plenamente restabelecido. O Papa perguntou muito sobre isso\u201d, disse a primeira-dama a respeito do encontro com o ocupante do trono de S\u00e3o Pedro.\n<\/p>\n<p>Como mostrou o Estad\u00e3o em janeiro, o \u201cgabinete informal\u201d de Janja tem pelo menos 12 integrantes, e j\u00e1 gastou ao menos R$ 1,2 milh\u00e3o em viagens desde o come\u00e7o do terceiro mandato de Lula. Desde a publica\u00e7\u00e3o da reportagem, o grupo j\u00e1 sofreu mudan\u00e7as, como a sa\u00edda da ex-chefe da Secretaria de Estrat\u00e9gia e Redes da Secretaria de Comunica\u00e7\u00e3o da Presid\u00eancia (Seres), Brunna Rosa Alfaia.\n<\/p>\n<p>Estad\u00e3o              <\/p>\n<\/div>\n<p><br \/>\n<br \/><a href=\"https:\/\/diariodobrasilnoticias.com.br\/noticia\/viagem-de-janja-e-ministro-a-roma-tem-12-membros-e-ja-custou-ao-menos-r-140-mil-saiba-quem-foi-67af226a0ef14\">Source link <\/a><\/p>","protected":false},"excerpt":{"rendered":"<p>A comitiva que acompanha a primeira-dama Janja Lula da Silva, e o ministro do Desenvolvimento Social (MDS), Wellington Dias (PT), em Roma, \u00e9 formada por pelo menos 12 pessoas. A&hellip;<\/p>","protected":false},"author":1,"featured_media":102763,"comment_status":"closed","ping_status":"open","sticky":false,"template":"","format":"standard","meta":{"content-type":"","footnotes":""},"categories":[16],"tags":[123,2448,5313,1267],"class_list":["post-102762","post","type-post","status-publish","format-standard","has-post-thumbnail","hentry","category-noticias","tag-brasil","tag-diario","tag-noticia","tag-noticias"],"_links":{"self":[{"href":"https:\/\/tvbrazilusa.com\/pt\/wp-json\/wp\/v2\/posts\/102762","targetHints":{"allow":["GET"]}}],"collection":[{"href":"https:\/\/tvbrazilusa.com\/pt\/wp-json\/wp\/v2\/posts"}],"about":[{"href":"https:\/\/tvbrazilusa.com\/pt\/wp-json\/wp\/v2\/types\/post"}],"author":[{"embeddable":true,"href":"https:\/\/tvbrazilusa.com\/pt\/wp-json\/wp\/v2\/users\/1"}],"replies":[{"embeddable":true,"href":"https:\/\/tvbrazilusa.com\/pt\/wp-json\/wp\/v2\/comments?post=102762"}],"version-history":[{"count":1,"href":"https:\/\/tvbrazilusa.com\/pt\/wp-json\/wp\/v2\/posts\/102762\/revisions"}],"predecessor-version":[{"id":102764,"href":"https:\/\/tvbrazilusa.com\/pt\/wp-json\/wp\/v2\/posts\/102762\/revisions\/102764"}],"wp:featuredmedia":[{"embeddable":true,"href":"https:\/\/tvbrazilusa.com\/pt\/wp-json\/wp\/v2\/media\/102763"}],"wp:attachment":[{"href":"https:\/\/tvbrazilusa.com\/pt\/wp-json\/wp\/v2\/media?parent=102762"}],"wp:term":[{"taxonomy":"category","embeddable":true,"href":"https:\/\/tvbrazilusa.com\/pt\/wp-json\/wp\/v2\/categories?post=102762"},{"taxonomy":"post_tag","embeddable":true,"href":"https:\/\/tvbrazilusa.com\/pt\/wp-json\/wp\/v2\/tags?post=102762"}],"curies":[{"name":"wp","href":"https:\/\/api.w.org\/{rel}","templated":true}]}}