{"id":102765,"date":"2025-02-14T14:02:07","date_gmt":"2025-02-14T14:02:07","guid":{"rendered":"https:\/\/tvbrazilusa.com\/2025\/02\/14\/nao-culpe-os-cortes-de-financiamento-de-trump-pelos-problemas-de-orcamento-de-nj-opiniao\/"},"modified":"2025-02-14T14:08:56","modified_gmt":"2025-02-14T14:08:56","slug":"nao-culpe-os-cortes-de-financiamento-de-trump-pelos-problemas-de-orcamento-de-nj-opiniao","status":"publish","type":"post","link":"https:\/\/tvbrazilusa.com\/pt\/2025\/02\/14\/nao-culpe-os-cortes-de-financiamento-de-trump-pelos-problemas-de-orcamento-de-nj-opiniao\/","title":{"rendered":"N\u00e3o culpe os cortes de financiamento de Trump pelos problemas de or\u00e7amento de NJ | Opini\u00e3o"},"content":{"rendered":"<script async src=\"https:\/\/pagead2.googlesyndication.com\/pagead\/js\/adsbygoogle.js?client=ca-pub-8864793242727901\"\r\n     crossorigin=\"anonymous\"><\/script>\n<div>\n<p class=\"article__paragraph article__paragraph--left\" id=\"SEZC247CHNDIXEDMTU62KAVNSQ\"><a href=\"https:\/\/twitter.com\/julieroginsky?ref_src=twsrc%5Egoogle%7Ctwcamp%5Eserp%7Ctwgr%5Eauthor\" target=\"_blank\" rel=\"\"><i>Julie Roginsky<\/i><\/a><i>um democrata e<\/i><a href=\"https:\/\/twitter.com\/mikeduhaime?lang=en\" target=\"_blank\" rel=\"\"><i>  Mike Duhaime,<\/i><\/a><i>  Republicano, s\u00e3o consultores que trabalharam em equipes opostas para toda a sua carreira, mas permaneceram amigos. Aqui, eles discutem os eventos nacionais da semana com o editor da se\u00e7\u00e3o de opini\u00e3o Enrique Lav\u00edn<\/i>.<\/p>\n<p class=\"article__paragraph article__paragraph--left\" id=\"REN3PL5T55EYXAU32A3YGR7QOE\"><b>NJ Advance Media relatou que Nova Jersey pode enfrentar um d\u00e9ficit estrutural de <\/b><a href=\"https:\/\/www.nj.com\/politics\/2025\/02\/nj-faces-3b-budget-hole-and-trumps-federal-cuts-could-make-it-worse.html\" target=\"_blank\" rel=\"\" title=\"https:\/\/www.nj.com\/politics\/2025\/02\/nj-faces-3b-budget-hole-and-trumps-federal-cuts-could-make-it-worse.html\"><b>quase US $ 4 bilh\u00f5es no or\u00e7amento do estado deste ano<\/b><\/a><b>which Gov. Phil Murphy will unveil on Feb. 25. State Democrats believe the budget shortfall will be exacerbated by DOGE&#8217;s overhaul of the US government, which includes federal funding cuts to many programs New Jerseyans rely on, including healthcare, infrastructure, education, e assist\u00eancia habitacional. <\/b><\/p>\n<p class=\"article__paragraph article__paragraph--left\" id=\"RSWH5KFR2VD35EKR27AHMG6IFY\"><b>Os republicanos de Nova Jersey argumentam que n\u00e3o \u00e9 o governo federal que nos levou a esse or\u00e7amento para come\u00e7ar. Como isso afetar\u00e1 os Nova Jerseyans em geral? Como isso joga na corrida do governador deste ano?<\/b><\/p>\n<p class=\"article__paragraph article__paragraph--left\" id=\"ZKWN6DSZY5F75KNCWNM6KJZHJI\"><b>Microfone:<\/b> Os democratas em Trenton n\u00e3o devem culpar Doge pela pr\u00f3xima crise or\u00e7ament\u00e1ria (embora seja uma pol\u00edtica inteligente tentar.) A crise fiscal que se aproxima em Trenton \u00e9 porque o or\u00e7amento do estado aumentou mais de 67% desde que Murphy entrou no cargo, gastando centenas de centenas de bilh\u00f5es mais do que foi gasto sob o governador Chris Christie. <\/p>\n<p class=\"article__paragraph article__paragraph--left\" id=\"L7WPGFU6KJHMZETVY7TKRQF5JM\">A crise vem do dil\u00favio de dinheiro da Covid do governo federal e bilh\u00f5es de d\u00f3lares que o Estado emprestou que nunca deveria ter. Todo o dinheiro da Covid e todo o dinheiro emprestado agora se foi basicamente, e voc\u00ea n\u00e3o pode tributar seu caminho para sair deste. <\/p>\n<p class=\"article__paragraph article__paragraph--left\" id=\"3RYEJZN475DANMYXVIDK5HQETY\">Haver\u00e1 uma tonelada de decis\u00f5es dif\u00edceis que precisam ser tomadas nesta primavera e n\u00e3o \u00e9 culpa de Doge. \u00c9 culpa do governo federal imprimir muito dinheiro, e o Estado gasta excessivamente e emprestado ao mesmo tempo nos \u00faltimos sete anos.<\/p>\n<p class=\"article__paragraph article__paragraph--left\" id=\"7JVPX6DAVBB4FG3CQL7JHXVY7A\"><b>Julie: <\/b>Independentemente de quem seja a culpa, os democratas ser\u00e3o responsabilizados por duas raz\u00f5es. A primeira \u00e9 que eles s\u00e3o respons\u00e1veis \u200b\u200bpelo governo estadual. A segunda \u00e9 que uma administra\u00e7\u00e3o inteligente e \u00e1gil seria capaz de enviar uma mensagem que Trump e Musk est\u00e3o estragando os contribuintes de Nova Jersey, mas, infelizmente, o governo Murphy n\u00e3o \u00e9 inteligente nem \u00e1gil &#8211; nem uma loja de comunica\u00e7\u00f5es que jamais soube como enviar uma mensagem para fora de um saco de papel. <\/p>\n<p class=\"article__paragraph article__paragraph--left\" id=\"FGCU2GVXGZAZBCI6CZCO7EB5BA\">At\u00e9 agora, o governador se recusou a dar uma espiada sobre como Trump est\u00e1 ferrando o estado porque Trump \u00e9 poderoso e esse governador voa para poder como mariposa para uma chama. Contraste isso com o que o governador Pritzker est\u00e1 fazendo em Illinois, onde est\u00e1 fazendo o caso de forma clara e direta sobre quanto dano Trump est\u00e1 trazendo aos seus constituintes. <\/p>\n<p class=\"article__paragraph article__paragraph--left\" id=\"2VTD7YILHRCWBBSKWVTHWPACA4\">Tudo isso deixa os eventuais membros do candidato e da assembl\u00e9ia democrata em um local terr\u00edvel. Eles est\u00e3o concorrendo contra os republicanos que t\u00eam uma mensagem muito simples sobre acessibilidade neste estado ap\u00f3s oito anos de Phil Murphy. <\/p>\n<p class=\"article__paragraph article__paragraph--left\" id=\"ORKLYKNHIZHBVNU6EV3MWLVXPI\">\u00c9 fevereiro, meus amigos na Assembl\u00e9ia Democrata Caucus. Hora de colocar as mensagens agora, para que voc\u00ea n\u00e3o esteja se atualizando depois que a opini\u00e3o p\u00fablica j\u00e1 est\u00e1 congelada.<\/p>\n<p class=\"article__paragraph article__paragraph--left\" id=\"H6HJ2UQ7K5DONA66YNPCPQ6FTE\"> <i><b>Uma nota para os leitores:<\/b><\/i><i>  Os americanos ainda podem ter uma discuss\u00e3o pol\u00edtica sensata e amig\u00e1vel em toda a divis\u00e3o partid\u00e1ria? A resposta \u00e9 sim, e provamos toda semana com essa conversa de &#8220;fogo amig\u00e1vel&#8221;.<\/i> <i>Mike e Julie est\u00e3o profundamente envolvidos em pol\u00edtica e defesa comercial em Nova Jersey, ent\u00e3o ambos t\u00eam conex\u00f5es com muitos jogadores discutidos nesta coluna. Duhaime, o fundador de <\/i><a href=\"https:\/\/www.madglobalstrategy.com\/\" target=\"_blank\" rel=\"\"><i>Estrat\u00e9gia global louca<\/i><\/a><i>trabalhou para Chris Christie, Rudy Giuliani, John McCain e George W. Bush. Roginsky, um diretor do grupo de comunica\u00e7\u00f5es abrangentes e autor do <\/i><a href=\"https:\/\/substack.com\/@saltypolitics\" target=\"_blank\" rel=\"\"><i>Coluna de pol\u00edtica salgada em subestack<\/i><\/a><i>atuou como consultor s\u00eanior de campanhas de Cory Booker, Frank Lautenberg e Phil Murphy.<\/i><\/p>\n<p class=\"article__paragraph article__paragraph--left\" id=\"TDWJ66GPFNHU3P33WG5ZQP4AXM\"><i>O jornalismo local precisa do seu apoio. Inscreva -se em <\/i><a href=\"https:\/\/www.nj.com\/digitalsubscription\/?utm_source=inl&#038;utm_medium=acq-org-101a&#038;utm_campaign=org&#038;utm_content=email_sig_a\"><i>nj.com\/supporter<\/i><\/a><i>.<\/i><\/p>\n<\/div>\n<p><script async src=\"\/\/platform.twitter.com\/widgets.js\" charset=\"utf-8\"><\/script><br \/>\n<br \/><br \/>\n<br \/><a href=\"https:\/\/www.nj.com\/opinion\/2025\/02\/dont-blame-trumps-funding-cuts-for-njs-budget-woes-opinion.html\">Source link <\/a><\/p>","protected":false},"excerpt":{"rendered":"<p>Julie Roginskyum democrata e Mike Duhaime, Republicano, s\u00e3o consultores que trabalharam em equipes opostas para toda a sua carreira, mas permaneceram amigos. Aqui, eles discutem os eventos nacionais da semana&hellip;<\/p>","protected":false},"author":1,"featured_media":102766,"comment_status":"closed","ping_status":"open","sticky":false,"template":"","format":"standard","meta":{"content-type":"","footnotes":""},"categories":[1],"tags":[],"class_list":["post-102765","post","type-post","status-publish","format-standard","has-post-thumbnail","hentry","category-uncategorized"],"_links":{"self":[{"href":"https:\/\/tvbrazilusa.com\/pt\/wp-json\/wp\/v2\/posts\/102765","targetHints":{"allow":["GET"]}}],"collection":[{"href":"https:\/\/tvbrazilusa.com\/pt\/wp-json\/wp\/v2\/posts"}],"about":[{"href":"https:\/\/tvbrazilusa.com\/pt\/wp-json\/wp\/v2\/types\/post"}],"author":[{"embeddable":true,"href":"https:\/\/tvbrazilusa.com\/pt\/wp-json\/wp\/v2\/users\/1"}],"replies":[{"embeddable":true,"href":"https:\/\/tvbrazilusa.com\/pt\/wp-json\/wp\/v2\/comments?post=102765"}],"version-history":[{"count":1,"href":"https:\/\/tvbrazilusa.com\/pt\/wp-json\/wp\/v2\/posts\/102765\/revisions"}],"predecessor-version":[{"id":102767,"href":"https:\/\/tvbrazilusa.com\/pt\/wp-json\/wp\/v2\/posts\/102765\/revisions\/102767"}],"wp:featuredmedia":[{"embeddable":true,"href":"https:\/\/tvbrazilusa.com\/pt\/wp-json\/wp\/v2\/media\/102766"}],"wp:attachment":[{"href":"https:\/\/tvbrazilusa.com\/pt\/wp-json\/wp\/v2\/media?parent=102765"}],"wp:term":[{"taxonomy":"category","embeddable":true,"href":"https:\/\/tvbrazilusa.com\/pt\/wp-json\/wp\/v2\/categories?post=102765"},{"taxonomy":"post_tag","embeddable":true,"href":"https:\/\/tvbrazilusa.com\/pt\/wp-json\/wp\/v2\/tags?post=102765"}],"curies":[{"name":"wp","href":"https:\/\/api.w.org\/{rel}","templated":true}]}}