{"id":102780,"date":"2025-02-14T14:57:17","date_gmt":"2025-02-14T14:57:17","guid":{"rendered":"https:\/\/tvbrazilusa.com\/2025\/02\/14\/azul-cancela-rotas-e-levanta-debate-sobre-politica-e-infraestrutura-em-cidades-do-interior\/"},"modified":"2025-02-14T14:57:19","modified_gmt":"2025-02-14T14:57:19","slug":"azul-cancela-rotas-e-levanta-debate-sobre-politica-e-infraestrutura-em-cidades-do-interior","status":"publish","type":"post","link":"https:\/\/tvbrazilusa.com\/pt\/2025\/02\/14\/azul-cancela-rotas-e-levanta-debate-sobre-politica-e-infraestrutura-em-cidades-do-interior\/","title":{"rendered":"Azul cancela rotas e levanta debate sobre pol\u00edtica e infraestrutura em cidades do interior."},"content":{"rendered":"<p> <script async src=\"https:\/\/pagead2.googlesyndication.com\/pagead\/js\/adsbygoogle.js?client=ca-pub-8864793242727901\"\r\n     crossorigin=\"anonymous\"><\/script><br \/>\n<\/p>\n<div id=\"taboola-read-more\" style=\"display:block; width:100%\">\n<p tabindex=\"0\">Em meio \u00e0\u00a0<a href=\"https:\/\/12ft.io\/proxy?q=https%3A%2F%2Fwww.gazetadopovo.com.br%2Feconomia%2Fazul-e-gol-assinam-acordo-para-avaliar-fusao%2F%3Fref%3Dlink-interno-materia\" target=\"_parent\">possibilidade de unir opera\u00e7\u00f5es com a Gol<\/a>, a Azul tem feito ajustes na frota e na oferta de assentos para melhorar a efici\u00eancia e preparar o terreno para os pr\u00f3ximos passos da fus\u00e3o. Isso tem refletido no fechamento de algumas bases que n\u00e3o est\u00e3o com desempenho satisfat\u00f3rio. S\u00f3 em 10 de mar\u00e7o,\u00a0<strong>a companhia vai deixar de voar para 15 cidades<\/strong>\u00a0de nove estados brasileiros, todas do interior.\n<\/p>\n<p tabindex=\"0\"><a href=\"https:\/\/12ft.io\/proxy?q=https%3A%2F%2Fespeciais.gazetadopovo.com.br%2Fnoticias-por-mensagem%2F\" target=\"_parent\">Receba as principais not\u00edcias do Paran\u00e1 pelo WhatsApp<\/a><\/p>\n<p tabindex=\"0\">Em todos esses casos, a empresa alegou \u201caumento de custos operacionais causados pela crise global na cadeia de suprimentos, a alta do d\u00f3lar e a disponibilidade de frota\u201d. O diretor-executivo da Azul, John Rodgerson, falou recentemente ao\u00a0<em>G1<\/em>\u00a0que n\u00e3o continuaria a voar \u201conde estou perdendo dinheiro.\u201d\n<\/p>\n<p tabindex=\"0\">A principal m\u00e9trica usada pela companhia para definir a suspens\u00e3o desses destinos \u00e9 o\u00a0<em>load factor<\/em>, tamb\u00e9m conhecido como taxa de aproveitamento, que \u00e9 calculado pela divis\u00e3o dos assentos ocupados por passageiros pagantes pelo total de assentos oferecidos. Cada empresa tem seu limite.\n<\/p>\n<p tabindex=\"0\">Na m\u00e9dia, em 2024, a Azul voou com 80,5% de\u00a0<em>load factor<\/em>. J\u00e1 na Azul Conecta, a empresa sub-regional da companhia, que opera avi\u00f5es menores, a taxa foi de 51,9%. Abaixo, as cidades que deixar\u00e3o de receber voos da Azul e a taxa de aproveitamento de cada uma em 2024, de acordo com dados da Ag\u00eancia Nacional de Avia\u00e7\u00e3o Civil (Anac):\n<\/p>\n<ul class=\"unordered-list\">\n<li>Barreirinhas (MA) &#8211; 14,6% (Azul Conecta)<\/li>\n<li>Cabo Frio (RJ) &#8211; 73,2%<\/li>\n<li>Campos (RJ) &#8211; 59,5%<\/li>\n<li>Correia Pinto (SC) &#8211; 70,6%<\/li>\n<li>Crat\u00e9us (CE) &#8211; 21,9% (Azul Conecta)<\/li>\n<li>Iguat\u00fa (CE) &#8211; 11,6% (Azul Conecta)<\/li>\n<li>Jaguaruna (SC) &#8211; 76%<\/li>\n<li>Mossor\u00f3 (RN) &#8211; 77,8%<\/li>\n<li>Parna\u00edba (PI) &#8211; 82,3%<\/li>\n<li>Ponta Grossa (PR) &#8211; 59,1%<\/li>\n<li>Rio Verde (GO) &#8211; 77,2%<\/li>\n<li>S\u00e3o Benedito (CE) &#8211; 21,3% (Azul Conecta)<\/li>\n<li>S\u00e3o Raimundo Nonato (PI) &#8211; 46,4%<\/li>\n<li>Sobral (CE) &#8211; 12,2% (Azul Conecta)<\/li>\n<li>Tr\u00eas Lagoas (MS) &#8211; 67,7%<\/li>\n<\/ul>\n<p>Suspens\u00e3o no Paran\u00e1 abre discuss\u00e3o entre prefeitura e governo estadual<br \/>Entre as cidades atendidas pela Azul, Ponta Grossa (PR) tem o segundo pior desempenho \u2014 excetuando os destinos operados pela Azul Conecta. O an\u00fancio da suspens\u00e3o dos voos surpreendeu a cidade e mesmo o governo do estado, que oferece redu\u00e7\u00e3o do ICMS sobre o querosene de avia\u00e7\u00e3o (QAV) nas bases operadas pela companhia no Paran\u00e1.\n<\/p>\n<p>Apesar da surpresa, os dados de load factor vinham se deteriorando na cidade paranaense. Em 2021, a cidade teve o melhor desempenho (80,4%) e desde ent\u00e3o veio caindo: 72,4% em 2022; 69,7% em 2023; e 59,1% em 2024. Ao longo do ano passado, a situa\u00e7\u00e3o foi piorando, com taxas mensais inferiores a 50% no segundo semestre:\n<\/p>\n<p>Janeiro &#8211; 71,3%<br \/>Fevereiro &#8211; 53,1%<br \/>Mar\u00e7o &#8211; 68,4%<br \/>Abril &#8211; 56,3%<br \/>Maio &#8211; 61%<br \/>Junho &#8211; 61,6%<br \/>Julho &#8211; 64,9%<br \/>Agosto &#8211; 56,3%<br \/>Setembro &#8211; 47,9%<br \/>Outubro &#8211; 56,3%<br \/>Novembro &#8211; 48,5%<br \/>Dezembro &#8211; 57%<br \/>\u201cA situa\u00e7\u00e3o, nesse momento, \u00e9 bastante cr\u00edtica. Tentamos incessantemente segurar a suspens\u00e3o de Ponta Grossa, mas, infelizmente, nosso time de malha n\u00e3o teve mais sa\u00edda\u201d. Foi dessa forma que a Azul justificou ao governo do estado a suspens\u00e3o dos voos em Ponta Grossa.\n<\/p>\n<p>Apesar da decis\u00e3o de cunho comercial da companhia a\u00e9rea, a suspens\u00e3o de voos em Ponta Grossa abriu um embate entre prefeitura e governo do Paran\u00e1. Enquanto o munic\u00edpio falou em falta de apoio estadual, o Pal\u00e1cio Igua\u00e7u disse que a cidade conta com subs\u00eddio para a avia\u00e7\u00e3o e que deveria melhorar a infraestrutura do aeroporto Sant\u2019Ana.\n<\/p>\n<p>&#8220;A Azul n\u00e3o cancelou os voos por quest\u00f5es t\u00e9cnicas do aeroporto. Tentaram culpar a prefeitura com informa\u00e7\u00f5es distorcidas&#8221;, declarou a secret\u00e1ria de Ind\u00fastria, Com\u00e9rcio e Qualifica\u00e7\u00e3o Profissional de Ponta Grossa, Faynara Merege.\n<\/p>\n<p>\u201cInfelizmente a pol\u00edtica tem contaminado um debate que deveria ser estritamente t\u00e9cnico. Alguns tentam se promover sobre um problema que n\u00e3o enfrentaram antes\u201d, acrescentou. Ela ainda afirmou n\u00e3o ter sido oficialmente convocada para uma reuni\u00e3o na Secretaria de Infraestrutura e Log\u00edstica estadual para tratar sobre o assunto.\n<\/p>\n<p>\u201cO munic\u00edpio tem que querer ser ajudado. N\u00e3o \u00e9 na for\u00e7a. \u00c9 preciso entender que se trata de uma decis\u00e3o de mercado\u201d, rebateu o secret\u00e1rio estadual de Infraestrutura e Log\u00edstica, Sandro Alex. \u201cPonta Grossa est\u00e1 com o subs\u00eddio ativo. Todos os munic\u00edpios t\u00eam esse termo de redu\u00e7\u00e3o do ICMS. A obriga\u00e7\u00e3o do estado est\u00e1 l\u00e1\u201d, completou.\n<\/p>\n<p>As diferen\u00e7as dos dois lados, ali\u00e1s, n\u00e3o s\u00e3o novas. Em novembro do ano passado, a prefeita reeleita Elizabeth Schmidt (Uni\u00e3o) cobrou recursos do governo de Ratinho Junior (PSD) para Ponta Grossa. A resposta do Pal\u00e1cio Igua\u00e7u foi de que esses recursos nunca haviam sido solicitados.\n<\/p>\n<p>Tentamos incessantemente segurar a suspens\u00e3o de Ponta Grossa, mas, infelizmente, nosso time de malha n\u00e3o teve mais sa\u00edda.&#8221;\n<\/p>\n<p>Azul, em comunicado ao governo do Paran\u00e1<br \/>Amplia\u00e7\u00e3o do aeroporto de Ponta Grossa volta \u00e0 pauta<br \/>A suspens\u00e3o dos voos em Ponta Grossa reacendeu a necessidade de obras no aeroporto da cidade. Em 2022, a prefeitura realizou uma licita\u00e7\u00e3o para reformar e ampliar o terminal de passageiros, mas o assunto foi judicializado e as interven\u00e7\u00f5es n\u00e3o foram feitas at\u00e9 hoje, apesar dos R$ 33 milh\u00f5es do Fundo Nacional de Avia\u00e7\u00e3o Civil (Fnac) estarem garantidos. A prefeitura informou que as obras devem come\u00e7ar em breve, mas ainda sem uma data espec\u00edfica.\n<\/p>\n<p>Mesmo assim, a necessidade da amplia\u00e7\u00e3o do aeroporto como um todo voltou \u00e0 pauta. Com uma pista de 1.430 metros de comprimento e 30 metros de largura, o equipamento n\u00e3o tem capacidade para receber avi\u00f5es maiores que os ATR 72, usados pela Azul, com capacidade para 72 passageiros. A amplia\u00e7\u00e3o da pista, por\u00e9m, esbarra em algumas quest\u00f5es t\u00e9cnicas, como a altera\u00e7\u00e3o de tra\u00e7ado da linha f\u00e9rrea que passa ao lado do s\u00edtio aeroportu\u00e1rio.\n<\/p>\n<p>Para discutir a possibilidade de amplia\u00e7\u00e3o, a Associa\u00e7\u00e3o Comercial e Industrial de Ponta Grossa (ACIPG) firmou uma parceria com o governo estadual para a elabora\u00e7\u00e3o de estudos e projetos sobre o aeroporto. Estiveram presentes da reuni\u00e3o a presidente da associa\u00e7\u00e3o, Giorgia Bochenek; o secret\u00e1rio estadual Sandro e o irm\u00e3o dele, deputado estadual e ex-prefeito de Ponta Grossa, Marcelo Rangel (PSD) \u2014 no ano passado ele iria disputar a prefeitura da cidade, mas a candidatura foi impugnada, e hoje \u00e9 vice-l\u00edder do governador Ratinho Junior na Assembleia Legislativa do Paran\u00e1 (Alep).\n<\/p>\n<p>A prefeitura de Ponta Grossa n\u00e3o participou da reuni\u00e3o, mas a secret\u00e1ria Faynara Merege afirmou que est\u00e1 \u201cavaliando o documento\u201d e que a prefeitura \u201cest\u00e1 em parceria no que for necess\u00e1rio para tomar as decis\u00f5es acerca do aeroporto.\u201d\n<\/p>\n<h2 tabindex=\"0\">Sa\u00edda da Azul acende alerta em outras cidades do Paran\u00e1<\/h2>\n<p tabindex=\"0\">A suspens\u00e3o de voos da Azul em Ponta Grossa vai reduzir para sete o n\u00famero de cidades atendidas no Paran\u00e1. Ao mesmo tempo, a companhia vai\u00a0<a href=\"https:\/\/12ft.io\/proxy?q=https%3A%2F%2Fwww.gazetadopovo.com.br%2Fvozes%2Fparana-sa%2Fazul-inicia-venda-de-passagens-de-voos-entre-curitiba-e-guarapuava%2F%3Fref%3Dlink-interno-materia\" target=\"_parent\">ampliar a presen\u00e7a em Guarapuava<\/a>\u00a0a partir do mesmo 10 de mar\u00e7o, com voos para Curitiba \u2014 hoje a cidade tem conex\u00f5es diretas para Campinas.\n<\/p>\n<p tabindex=\"0\">O desempenho das cidades paranaenses, exceto Ponta Grossa, foi superior a 70% de taxa de aproveitamento em 2024, o que n\u00e3o significa que est\u00e3o garantidas na malha de rotas da Azul \u2014 das 15 cidades que deixar\u00e3o de receber voos da companhia, cinco apresentaram\u00a0<em>load factor<\/em>\u00a0superior a 70% no ano passado.\n<\/p>\n<p tabindex=\"0\">Abaixo, a taxa de aproveitamento dos voos da Azul no Paran\u00e1 em 2024, segundo a Anac:\n<\/p>\n<ul class=\"unordered-list\">\n<li>Foz do Igua\u00e7u &#8211; 83%<\/li>\n<li>Cascavel &#8211; 79,4%<\/li>\n<li>Maring\u00e1 &#8211; 79,3%<\/li>\n<li>Curitiba &#8211; 78,3%<\/li>\n<li>Londrina &#8211; 78,3%<\/li>\n<li>Guarapuava &#8211; 72,1%<\/li>\n<li>Pato Branco &#8211; 71,3%<\/li>\n<li>Ponta Grossa &#8211; 59,1%<\/li>\n<\/ul>\n<p tabindex=\"0\">A principal aposta do governo do Paran\u00e1 para n\u00e3o perder mais cidades \u00e9 o termo assinado com a Azul que prev\u00ea a redu\u00e7\u00e3o de ICMS sobre o querosene de avia\u00e7\u00e3o. \u201cO governo entende como investimento. N\u00f3s reduzimos a arrecada\u00e7\u00e3o do ICMS, mas h\u00e1 um ganho no setor produtivo, de servi\u00e7os, de turismo. \u00c9 relevante o retorno\u201d, comenta Sandro Alex.\n<\/p>\n<p tabindex=\"0\">\u00c9 o subs\u00eddio tamb\u00e9m que sustenta os voos da sub-regional Azul Conecta no estado. Operados com avi\u00f5es Cessna Grand Caravan 208, para nove passageiros, esses voos chegam a outras quatro cidades paranaenses: Gua\u00edra, Tel\u00eamaco Borba, Umuarama e Uni\u00e3o da Vit\u00f3ria.\n<\/p>\n<p tabindex=\"0\">O\u00a0<strong>programa Voe Paran\u00e1<\/strong>, feito em parceria com a Azul, come\u00e7ou em janeiro de 2022. No in\u00edcio, 11 cidades eram servidas, mas a companhia a\u00e9rea ajustou a oferta devido ao baixo rendimento nos aeroportos de Cianorte, Arapongas, Campo Mour\u00e3o, Apucarana, Francisco Beltr\u00e3o, Corn\u00e9lio Proc\u00f3pio e Paranava\u00ed.\n<\/p>\n<p tabindex=\"0\">\u201cO Voe Paran\u00e1 est\u00e1 ativo, mas sabemos que para operar esse modelo \u00e9 preciso subs\u00eddio. \u00c9 assim que funciona\u201d, complementa Sandro Alex.\n<\/p>\n<p>Fonte: Gazeta do povo              <\/p>\n<\/div>\n<p><br \/>\n<br \/><a href=\"https:\/\/diariodobrasilnoticias.com.br\/noticia\/azul-cancela-rotas-e-levanta-debate-sobre-politica-e-infraestrutura-em-cidades-do-interior-67af57d776775\">Source link <\/a><\/p>","protected":false},"excerpt":{"rendered":"<p>Em meio \u00e0\u00a0possibilidade de unir opera\u00e7\u00f5es com a Gol, a Azul tem feito ajustes na frota e na oferta de assentos para melhorar a efici\u00eancia e preparar o terreno para&hellip;<\/p>","protected":false},"author":1,"featured_media":102781,"comment_status":"closed","ping_status":"open","sticky":false,"template":"","format":"standard","meta":{"content-type":"","footnotes":""},"categories":[16],"tags":[123,2448,5313,1267],"class_list":["post-102780","post","type-post","status-publish","format-standard","has-post-thumbnail","hentry","category-noticias","tag-brasil","tag-diario","tag-noticia","tag-noticias"],"_links":{"self":[{"href":"https:\/\/tvbrazilusa.com\/pt\/wp-json\/wp\/v2\/posts\/102780","targetHints":{"allow":["GET"]}}],"collection":[{"href":"https:\/\/tvbrazilusa.com\/pt\/wp-json\/wp\/v2\/posts"}],"about":[{"href":"https:\/\/tvbrazilusa.com\/pt\/wp-json\/wp\/v2\/types\/post"}],"author":[{"embeddable":true,"href":"https:\/\/tvbrazilusa.com\/pt\/wp-json\/wp\/v2\/users\/1"}],"replies":[{"embeddable":true,"href":"https:\/\/tvbrazilusa.com\/pt\/wp-json\/wp\/v2\/comments?post=102780"}],"version-history":[{"count":1,"href":"https:\/\/tvbrazilusa.com\/pt\/wp-json\/wp\/v2\/posts\/102780\/revisions"}],"predecessor-version":[{"id":102782,"href":"https:\/\/tvbrazilusa.com\/pt\/wp-json\/wp\/v2\/posts\/102780\/revisions\/102782"}],"wp:featuredmedia":[{"embeddable":true,"href":"https:\/\/tvbrazilusa.com\/pt\/wp-json\/wp\/v2\/media\/102781"}],"wp:attachment":[{"href":"https:\/\/tvbrazilusa.com\/pt\/wp-json\/wp\/v2\/media?parent=102780"}],"wp:term":[{"taxonomy":"category","embeddable":true,"href":"https:\/\/tvbrazilusa.com\/pt\/wp-json\/wp\/v2\/categories?post=102780"},{"taxonomy":"post_tag","embeddable":true,"href":"https:\/\/tvbrazilusa.com\/pt\/wp-json\/wp\/v2\/tags?post=102780"}],"curies":[{"name":"wp","href":"https:\/\/api.w.org\/{rel}","templated":true}]}}