{"id":102792,"date":"2025-02-14T15:21:24","date_gmt":"2025-02-14T15:21:24","guid":{"rendered":"https:\/\/tvbrazilusa.com\/2025\/02\/14\/iptu-2025-saiba-se-voce-tem-direito-a-isencao-do-imposto\/"},"modified":"2025-02-14T15:21:26","modified_gmt":"2025-02-14T15:21:26","slug":"iptu-2025-saiba-se-voce-tem-direito-a-isencao-do-imposto","status":"publish","type":"post","link":"https:\/\/tvbrazilusa.com\/pt\/2025\/02\/14\/iptu-2025-saiba-se-voce-tem-direito-a-isencao-do-imposto\/","title":{"rendered":"IPTU 2025: Saiba se voc\u00ea tem direito \u00e0 isen\u00e7\u00e3o do Imposto"},"content":{"rendered":"<p> <script async src=\"https:\/\/pagead2.googlesyndication.com\/pagead\/js\/adsbygoogle.js?client=ca-pub-8864793242727901\"\r\n     crossorigin=\"anonymous\"><\/script><br \/>\n<\/p>\n<div id=\"taboola-read-more\" style=\"display:block; width:100%\">\n<p>O IPTU \u00e9 aquele famoso imposto que propriet\u00e1rios de im\u00f3veis urbanos precisam pagar todo ano. Ele serve para financiar servi\u00e7os p\u00fablicos, como limpeza urbana, asfaltamento de ruas, ilumina\u00e7\u00e3o p\u00fablica e at\u00e9 projetos sociais.\n<\/p>\n<p>Mas essa n\u00e3o \u00e9 uma preocupa\u00e7\u00e3o para todos os contribuintes, j\u00e1 que existem diversos casos em que \u00e9 poss\u00edvel pedir isen\u00e7\u00e3o do IPTU, dependendo dos crit\u00e9rios e regras de cada cidade.<\/p>\n<p>Quem tem direito \u00e0 isen\u00e7\u00e3o do IPTU?<br \/>Cada munic\u00edpio tem suas pr\u00f3prias regras em rela\u00e7\u00e3o ao imposto, mas h\u00e1 alguns crit\u00e9rios comuns que garantem isen\u00e7\u00e3o. Veja quem geralmente pode pedir essa vantagem:\n<\/p>\n<p>Aposentados e pensionistas: Se a pessoa j\u00e1 se aposentou e tem baixa renda (o limite varia de cidade para cidade), pode pedir a isen\u00e7\u00e3o do IPTU. Em Florian\u00f3polis, por exemplo, aposentados e pensionistas acima de 65 anos que ganham at\u00e9 tr\u00eas sal\u00e1rios m\u00ednimos e t\u00eam apenas um im\u00f3vel para morar podem ficar isentos. J\u00e1 no Rio de Janeiro e no Distrito Federal, a regra \u00e9 v\u00e1lida para pessoas acima de 60 anos com at\u00e9 dois sal\u00e1rios m\u00ednimos.\n<\/p>\n<p>Im\u00f3veis de baixo valor: Muitas cidades tamb\u00e9m liberam do pagamento do IPTU quem tem um im\u00f3vel considerado de \u201cbaixo valor venal\u201d, isto \u00e9, o pre\u00e7o que a prefeitura estipula para a propriedade. Cada munic\u00edpio estabelece uma faixa de isen\u00e7\u00e3o: em Belo Horizonte, por exemplo, este valor deve ser igual ou inferior a R$89.010,51. Em S\u00e3o Paulo e Porto Alegre, o limite \u00e9 de R$120 mil e R$100 mil, respectivamente.\n<\/p>\n<p>Im\u00f3veis pequenos: Em Curitiba, a isen\u00e7\u00e3o \u00e9 concedida automaticamente pela Prefeitura para os im\u00f3veis com \u00e1rea total constru\u00edda igual ou inferior a 70 metros quadrados. Em Campinas, a regra se aplica para im\u00f3veis com at\u00e9 80 m\u00b2 de \u00e1rea constru\u00edda, entretanto as condi\u00e7\u00f5es variam para im\u00f3veis verticais (apartamentos).\n<\/p>\n<p>Templos e pr\u00e9dios sociais\/culturais: Em grande parte dos munic\u00edpios h\u00e1 isen\u00e7\u00e3o do IPTU para templos religiosos, assim como a im\u00f3veis usados para projetos sociais e\/ou culturais, como cinemas, centros desportivos, etc.\n<\/p>\n<p>Propriet\u00e1rios com defici\u00eancia ou doen\u00e7as graves: Al\u00e9m disso, pessoas com defici\u00eancia ou doen\u00e7as graves podem ter direito ao benef\u00edcio, dependendo da legisla\u00e7\u00e3o municipal. Isso porque as prefeituras t\u00eam autonomia para definir as regras do IPTU, ent\u00e3o o que vale em S\u00e3o Paulo pode n\u00e3o valer no Rio de Janeiro, Belo Horizonte ou Salvador.\n<\/p>\n<p>Na d\u00favida, acesse o site da prefeitura do seu munic\u00edpio e pesquise pelos crit\u00e9rios de isen\u00e7\u00e3o do IPTU v\u00e1lidos para este ano.\n<\/p>\n<p>Ah, e fique atento: quem tem direito \u00e0 isen\u00e7\u00e3o tem um prazo para fazer o pedido. Confira no site da prefeitura ou v\u00e1 at\u00e9 a Secretaria de Fazenda do seu munic\u00edpio para n\u00e3o perder o prazo da solicita\u00e7\u00e3o.\n<\/p>\n<p>Prazos de pagamento do IPTU<br \/>Por outro lado, quem n\u00e3o conta com isen\u00e7\u00e3o do IPTU deve ficar atento aos prazos para a cobran\u00e7a do imposto. A maioria das cidades concentra o in\u00edcio do pagamento (no caso de parcelamento) ou a parcela \u00fanica entre janeiro e fevereiro.\n<\/p>\n<p>As prefeituras costumam dar op\u00e7\u00f5es de pagamento \u00e0 vista, com desconto, ou parcelado ao longo do ano. Quem n\u00e3o pagar pode acabar com juros, multas ou at\u00e9 mesmo ter o im\u00f3vel inscrito na d\u00edvida ativa, correndo o risco de perd\u00ea-lo, j\u00e1 que a prefeitura pode cobrar a d\u00edvida na Justi\u00e7a.\n<\/p>\n<p>Seja para pagar o tributo ou solicitar a isen\u00e7\u00e3o do IPTU, o importante \u00e9 se organizar para n\u00e3o ter dor de cabe\u00e7a com o imposto!<\/p>\n<p>Fonte: Gazeta do Povo              <\/p>\n<\/div>\n<p><br \/>\n<br \/><a href=\"https:\/\/diariodobrasilnoticias.com.br\/noticia\/iptu-2025-saiba-se-voce-tem-direito-a-isencao-do-imposto-67af5833e74a9\">Source link <\/a><\/p>","protected":false},"excerpt":{"rendered":"<p>O IPTU \u00e9 aquele famoso imposto que propriet\u00e1rios de im\u00f3veis urbanos precisam pagar todo ano. Ele serve para financiar servi\u00e7os p\u00fablicos, como limpeza urbana, asfaltamento de ruas, ilumina\u00e7\u00e3o p\u00fablica e&hellip;<\/p>","protected":false},"author":1,"featured_media":102793,"comment_status":"closed","ping_status":"open","sticky":false,"template":"","format":"standard","meta":{"content-type":"","footnotes":""},"categories":[16],"tags":[123,2448,5313,1267],"class_list":["post-102792","post","type-post","status-publish","format-standard","has-post-thumbnail","hentry","category-noticias","tag-brasil","tag-diario","tag-noticia","tag-noticias"],"_links":{"self":[{"href":"https:\/\/tvbrazilusa.com\/pt\/wp-json\/wp\/v2\/posts\/102792","targetHints":{"allow":["GET"]}}],"collection":[{"href":"https:\/\/tvbrazilusa.com\/pt\/wp-json\/wp\/v2\/posts"}],"about":[{"href":"https:\/\/tvbrazilusa.com\/pt\/wp-json\/wp\/v2\/types\/post"}],"author":[{"embeddable":true,"href":"https:\/\/tvbrazilusa.com\/pt\/wp-json\/wp\/v2\/users\/1"}],"replies":[{"embeddable":true,"href":"https:\/\/tvbrazilusa.com\/pt\/wp-json\/wp\/v2\/comments?post=102792"}],"version-history":[{"count":1,"href":"https:\/\/tvbrazilusa.com\/pt\/wp-json\/wp\/v2\/posts\/102792\/revisions"}],"predecessor-version":[{"id":102794,"href":"https:\/\/tvbrazilusa.com\/pt\/wp-json\/wp\/v2\/posts\/102792\/revisions\/102794"}],"wp:featuredmedia":[{"embeddable":true,"href":"https:\/\/tvbrazilusa.com\/pt\/wp-json\/wp\/v2\/media\/102793"}],"wp:attachment":[{"href":"https:\/\/tvbrazilusa.com\/pt\/wp-json\/wp\/v2\/media?parent=102792"}],"wp:term":[{"taxonomy":"category","embeddable":true,"href":"https:\/\/tvbrazilusa.com\/pt\/wp-json\/wp\/v2\/categories?post=102792"},{"taxonomy":"post_tag","embeddable":true,"href":"https:\/\/tvbrazilusa.com\/pt\/wp-json\/wp\/v2\/tags?post=102792"}],"curies":[{"name":"wp","href":"https:\/\/api.w.org\/{rel}","templated":true}]}}