{"id":102795,"date":"2025-02-14T15:34:45","date_gmt":"2025-02-14T15:34:45","guid":{"rendered":"https:\/\/tvbrazilusa.com\/2025\/02\/14\/lula-diz-que-bolsonaro-e-temer-tem-nojo-do-pobre\/"},"modified":"2025-02-14T15:34:47","modified_gmt":"2025-02-14T15:34:47","slug":"lula-diz-que-bolsonaro-e-temer-tem-nojo-do-pobre","status":"publish","type":"post","link":"https:\/\/tvbrazilusa.com\/pt\/2025\/02\/14\/lula-diz-que-bolsonaro-e-temer-tem-nojo-do-pobre\/","title":{"rendered":"Lula diz que Bolsonaro e Temer &#8216;t\u00eam nojo do pobre&#8217;"},"content":{"rendered":"<p> <script async src=\"https:\/\/pagead2.googlesyndication.com\/pagead\/js\/adsbygoogle.js?client=ca-pub-8864793242727901\"\r\n     crossorigin=\"anonymous\"><\/script><br \/>\n<\/p>\n<div id=\"taboola-read-more\" style=\"display:block; width:100%\">\n<p>O presidente Luiz In\u00e1cio Lula da Silva (PT) voltou a atacar, nesta quinta-feira (13), o ex-presidente Jair Bolsonaro. Durante evento em Bel\u00e9m, no Par\u00e1, o petista afirmou que o l\u00edder da direita brasileira \u201ctem nojo do pobre\u201d.\n<\/p>\n<p>Em seu coment\u00e1rio, Lula mencionou como agem os pol\u00edticos durante as elei\u00e7\u00f5es. Al\u00e9m de Bolsonaro, ele tamb\u00e9m criticou o ex-presidente Michel Temer. O presidente, no entanto, n\u00e3o citou o nome de nenhum deles.<\/p>\n<p>\u2013 Como \u00e9 que as pessoas que governaram esse pa\u00eds, de 2016 at\u00e9 2022, como essa gente pode falar que governou esse pa\u00eds, se n\u00e3o tiverem coragem de dar continuidade a uma obra que j\u00e1 tinha quase 60% pronto, e abandonaram. Abandonaram porque voc\u00eas s\u00f3 tinham valor para eles na \u00e9poca das elei\u00e7\u00f5es. Na \u00e9poca das elei\u00e7\u00f5es eles visitam o lugar dos pobres, eles abra\u00e7am os pobres, eles beijam os pobres, eles pegam as crian\u00e7as dos pobres. Depois que ganham as elei\u00e7\u00f5es, eles chegam a ter nojo do pobre, porque n\u00e3o convidam mais para nada \u2013 afirmou.\n<\/p>\n<p>O petista viajou ao estado para a entrega de novas unidades do Minha Casa, Minha Vida.\n<\/p>\n<p>Fonte: Pleno News              <\/p>\n<\/div>\n<p><br \/>\n<br \/><a href=\"https:\/\/diariodobrasilnoticias.com.br\/noticia\/lula-diz-que-bolsonaro-e-temer-tem-nojo-do-pobre-67af377121796\">Source link <\/a><\/p>","protected":false},"excerpt":{"rendered":"<p>O presidente Luiz In\u00e1cio Lula da Silva (PT) voltou a atacar, nesta quinta-feira (13), o ex-presidente Jair Bolsonaro. Durante evento em Bel\u00e9m, no Par\u00e1, o petista afirmou que o l\u00edder&hellip;<\/p>","protected":false},"author":1,"featured_media":102796,"comment_status":"closed","ping_status":"open","sticky":false,"template":"","format":"standard","meta":{"content-type":"","footnotes":""},"categories":[16],"tags":[123,2448,5313,1267],"class_list":["post-102795","post","type-post","status-publish","format-standard","has-post-thumbnail","hentry","category-noticias","tag-brasil","tag-diario","tag-noticia","tag-noticias"],"_links":{"self":[{"href":"https:\/\/tvbrazilusa.com\/pt\/wp-json\/wp\/v2\/posts\/102795","targetHints":{"allow":["GET"]}}],"collection":[{"href":"https:\/\/tvbrazilusa.com\/pt\/wp-json\/wp\/v2\/posts"}],"about":[{"href":"https:\/\/tvbrazilusa.com\/pt\/wp-json\/wp\/v2\/types\/post"}],"author":[{"embeddable":true,"href":"https:\/\/tvbrazilusa.com\/pt\/wp-json\/wp\/v2\/users\/1"}],"replies":[{"embeddable":true,"href":"https:\/\/tvbrazilusa.com\/pt\/wp-json\/wp\/v2\/comments?post=102795"}],"version-history":[{"count":1,"href":"https:\/\/tvbrazilusa.com\/pt\/wp-json\/wp\/v2\/posts\/102795\/revisions"}],"predecessor-version":[{"id":102797,"href":"https:\/\/tvbrazilusa.com\/pt\/wp-json\/wp\/v2\/posts\/102795\/revisions\/102797"}],"wp:featuredmedia":[{"embeddable":true,"href":"https:\/\/tvbrazilusa.com\/pt\/wp-json\/wp\/v2\/media\/102796"}],"wp:attachment":[{"href":"https:\/\/tvbrazilusa.com\/pt\/wp-json\/wp\/v2\/media?parent=102795"}],"wp:term":[{"taxonomy":"category","embeddable":true,"href":"https:\/\/tvbrazilusa.com\/pt\/wp-json\/wp\/v2\/categories?post=102795"},{"taxonomy":"post_tag","embeddable":true,"href":"https:\/\/tvbrazilusa.com\/pt\/wp-json\/wp\/v2\/tags?post=102795"}],"curies":[{"name":"wp","href":"https:\/\/api.w.org\/{rel}","templated":true}]}}