{"id":102801,"date":"2025-02-14T15:56:29","date_gmt":"2025-02-14T15:56:29","guid":{"rendered":"https:\/\/tvbrazilusa.com\/2025\/02\/14\/reviravolta-15-anos-depois-ex-delegado-garante-que-sabe-onde-esta-corpo-de-eliza-samudio\/"},"modified":"2025-02-14T15:56:31","modified_gmt":"2025-02-14T15:56:31","slug":"reviravolta-15-anos-depois-ex-delegado-garante-que-sabe-onde-esta-corpo-de-eliza-samudio","status":"publish","type":"post","link":"https:\/\/tvbrazilusa.com\/pt\/2025\/02\/14\/reviravolta-15-anos-depois-ex-delegado-garante-que-sabe-onde-esta-corpo-de-eliza-samudio\/","title":{"rendered":"REVIRAVOLTA: 15 anos depois, ex-delegado garante que sabe onde est\u00e1 corpo de Eliza Samudio"},"content":{"rendered":"<p> <script async src=\"https:\/\/pagead2.googlesyndication.com\/pagead\/js\/adsbygoogle.js?client=ca-pub-8864793242727901\"\r\n     crossorigin=\"anonymous\"><\/script><br \/>\n<\/p>\n<div id=\"taboola-read-more\" style=\"display:block; width:100%\">\n<p>O caso Eliza Samudio, que chocou pa\u00eds em 2010, completa 15 anos e pode ganhar novo rumo nas investiga\u00e7\u00f5es. Durante participa\u00e7\u00e3o em podcast, o ex-delegado Jorge Lordello, revelou que sabe onde est\u00e1 o corpo de Eliza.\n<\/p>\n<p>Lordello foi convidado no podcast de Lisa Gomes e comentou sobre o caso. Assim, afirmou saber exatamente onde o corpo de Eliza, que nunca foi encontrado pela pol\u00edcia, est\u00e1 enterrado.<\/p>\n<p>\u201cEu sei onde est\u00e1, eu sei a localidade. A minha conclus\u00e3o \u00e9 a seguinte: o Bola [ex-policial Marcos Aparecido dos Santos] mora numa regi\u00e3o perif\u00e9rica na cidade de Vespasiano \u2013 Minas Gerais. Aquela regi\u00e3o tem uma mata muito grande. A minha experi\u00eancia diz que ele j\u00e1, antes, deveria ter feito uma cova naquela localidade. Ele esperou aquelas pessoas sa\u00edrem de l\u00e1, ele leva o corpo sozinho, enterra essa menina e volta pra casa dele\u201d, declarou.\n<\/p>\n<p>Segundo o ex-delegado, a regi\u00e3o \u00e9 muito extensa e, por isso, o corpo n\u00e3o foi localizado.\n<\/p>\n<p>\u201cDemorou um bom tempo pra pol\u00edcia chegar nele, e \u00e9 \u00f3bvio que ele, como ex-policial e profissional, jamais vai contar. O doutor Edson Moreira esteve na mata, mas ela \u00e9 muito extensa, ent\u00e3o o corpo n\u00e3o foi encontrado. Pra mim, este corpo est\u00e1 enterrado nas matas da cidade de Vespasiano\u201d, afirmou.\n<\/p>\n<p>Ele ainda refor\u00e7ou a dor da Dona S\u00f4nia, m\u00e3e de Eliza. \u201cA pol\u00edcia trabalhou, trabalhou e n\u00e3o resolveu o crime. Dona S\u00f4nia [m\u00e3e de Eliza Samudio] sente n\u00e3o ter podido ter feito um enterro digno pra sua filha, sei da dor dela e foi uma v\u00f3 e m\u00e3e maravilhosa\u201d, concluiu.<\/p>\n<p>Fonte: M\u00eddia Max              <\/p>\n<\/div>\n<p><br \/>\n<br \/><a href=\"https:\/\/diariodobrasilnoticias.com.br\/noticia\/reviravolta-15-anos-depois-ex-delegado-garante-que-sabe-onde-esta-corpo-de-eliza-samudio-67af4a52c3d73\">Source link <\/a><\/p>","protected":false},"excerpt":{"rendered":"<p>O caso Eliza Samudio, que chocou pa\u00eds em 2010, completa 15 anos e pode ganhar novo rumo nas investiga\u00e7\u00f5es. Durante participa\u00e7\u00e3o em podcast, o ex-delegado Jorge Lordello, revelou que sabe&hellip;<\/p>","protected":false},"author":1,"featured_media":102802,"comment_status":"closed","ping_status":"open","sticky":false,"template":"","format":"standard","meta":{"content-type":"","footnotes":""},"categories":[16],"tags":[123,2448,5313,1267],"class_list":["post-102801","post","type-post","status-publish","format-standard","has-post-thumbnail","hentry","category-noticias","tag-brasil","tag-diario","tag-noticia","tag-noticias"],"_links":{"self":[{"href":"https:\/\/tvbrazilusa.com\/pt\/wp-json\/wp\/v2\/posts\/102801","targetHints":{"allow":["GET"]}}],"collection":[{"href":"https:\/\/tvbrazilusa.com\/pt\/wp-json\/wp\/v2\/posts"}],"about":[{"href":"https:\/\/tvbrazilusa.com\/pt\/wp-json\/wp\/v2\/types\/post"}],"author":[{"embeddable":true,"href":"https:\/\/tvbrazilusa.com\/pt\/wp-json\/wp\/v2\/users\/1"}],"replies":[{"embeddable":true,"href":"https:\/\/tvbrazilusa.com\/pt\/wp-json\/wp\/v2\/comments?post=102801"}],"version-history":[{"count":1,"href":"https:\/\/tvbrazilusa.com\/pt\/wp-json\/wp\/v2\/posts\/102801\/revisions"}],"predecessor-version":[{"id":102803,"href":"https:\/\/tvbrazilusa.com\/pt\/wp-json\/wp\/v2\/posts\/102801\/revisions\/102803"}],"wp:featuredmedia":[{"embeddable":true,"href":"https:\/\/tvbrazilusa.com\/pt\/wp-json\/wp\/v2\/media\/102802"}],"wp:attachment":[{"href":"https:\/\/tvbrazilusa.com\/pt\/wp-json\/wp\/v2\/media?parent=102801"}],"wp:term":[{"taxonomy":"category","embeddable":true,"href":"https:\/\/tvbrazilusa.com\/pt\/wp-json\/wp\/v2\/categories?post=102801"},{"taxonomy":"post_tag","embeddable":true,"href":"https:\/\/tvbrazilusa.com\/pt\/wp-json\/wp\/v2\/tags?post=102801"}],"curies":[{"name":"wp","href":"https:\/\/api.w.org\/{rel}","templated":true}]}}