{"id":102807,"date":"2025-02-14T16:09:55","date_gmt":"2025-02-14T16:09:55","guid":{"rendered":"https:\/\/tvbrazilusa.com\/2025\/02\/14\/senador-faz-criticas-a-comunicacao-do-governo-e-ironiza-declaracao-de-galipolo-sobre-arte-nas-atas-do-copom\/"},"modified":"2025-02-14T16:09:56","modified_gmt":"2025-02-14T16:09:56","slug":"senador-faz-criticas-a-comunicacao-do-governo-e-ironiza-declaracao-de-galipolo-sobre-arte-nas-atas-do-copom","status":"publish","type":"post","link":"https:\/\/tvbrazilusa.com\/pt\/2025\/02\/14\/senador-faz-criticas-a-comunicacao-do-governo-e-ironiza-declaracao-de-galipolo-sobre-arte-nas-atas-do-copom\/","title":{"rendered":"Senador faz cr\u00edticas \u00e0 comunica\u00e7\u00e3o do governo e ironiza declara\u00e7\u00e3o de Gal\u00edpolo sobre &#8216;arte&#8217; nas atas do Copom"},"content":{"rendered":"<p> <script async src=\"https:\/\/pagead2.googlesyndication.com\/pagead\/js\/adsbygoogle.js?client=ca-pub-8864793242727901\"\r\n     crossorigin=\"anonymous\"><\/script><br \/>\n<\/p>\n<div id=\"taboola-read-more\" style=\"display:block; width:100%\">\n<p>Em tom de cr\u00edtica, o senador Rog\u00e9rio Marinho (PL-RN), l\u00edder da oposi\u00e7\u00e3o no Senado, disse que o ministro mais importante do governo Lula \u00e9 o da \u201cpropaganda\u201d. O senador tamb\u00e9m ironizou uma declara\u00e7\u00e3o recente em que o presidente do Banco Central (BC), Gabriel Gal\u00edpolo, afirma ter conversado com o cantor Caetano Veloso sobre \u201carte\u201d das atas do Copom.\n<\/p>\n<p>\u201cDe repente, o ministro mais importante \u00e9 o da propaganda. E o Banco Central apela ao MPB para combater a infla\u00e7\u00e3o. Se t\u00e1 caro, chame o poeta\u201d, escreveu o senador em uma publica\u00e7\u00e3o no X, nesta quinta-feira (13).<\/p>\n<p>Em outra publica\u00e7\u00e3o, ao citar uma representa\u00e7\u00e3o de sua autoria para que o Tribunal de Contas da Uni\u00e3o (TCU) apure sobre o apag\u00e3o de dados na Previd\u00eancia Social, o senador disse que \u201cenquanto a fila do INSS s\u00f3 aumenta, o governo trabalha unicamente para esconder a verdade da popula\u00e7\u00e3o\u201d.\n<\/p>\n<p>\u201cNem mil Sid\u00f4nios conseguem resolver a comunica\u00e7\u00e3o do verborr\u00e1gico Lula 3. Onde est\u00e3o os artistas e a revolta contra um presidente que constrange o Ibama?\u201d, escreveu o senador em outra publica\u00e7\u00e3o sobre o ataque feito pelo presidente aos servidores do Ibama.\n<\/p>\n<p>Durante discurso, na quarta-feira (12), Lula disse que o Ibama \u201cn\u00e3o pode ficar nesse lenga-lenga\u201d para autorizar a explora\u00e7\u00e3o de petr\u00f3leo na Margem Equatorial.\n<\/p>\n<p>Lula retomou ataques a Bolsonaro<br \/>Desde que o publicit\u00e1rio Sid\u00f4nio Palmeira assumiu a pasta da Secretaria de Comunica\u00e7\u00e3o Social (Secom), o presidente Lula tem adotado uma estrat\u00e9gia diferente da postura assumida com o ex-ministro da Secom, Paulo Pimenta.\n<\/p>\n<p>Agora, o petista tem ficado mais \u00e0 vontade para discursar sem filtro. O presidente tamb\u00e9m retomou os ataques constantes ao ex-presidente Jair Bolsonaro (PL).\n<\/p>\n<p>Nesta sexta-feira (14), durante entrevista \u00e0 r\u00e1dio Clube de Bel\u00e9m, Lula disse que o pa\u00eds foi governado com \u201cmentiras e fake news\u201d.\n<\/p>\n<p>\u201cSe voc\u00ea chegar no Par\u00e1 e perguntar \u2018o que \u00e9 que o governo anterior fez\u2019, eu duvido que voc\u00eas encontrem uma obra, uma Casa Verde e Amarela [pol\u00edtica de Bolsonaro semelhante ao MCMV], um Emprego Verde e Amarelo. Ora, porque s\u00f3 se mentiu nesse pa\u00eds, se permitiu a morte de mais de 700 mil pessoas por irresponsabilidade contra a vacina [contra a Covid-19]\u201d, disparou o petista.<\/p>\n<p>Fonte: Gazeta do Povo              <\/p>\n<\/div>\n<p><br \/>\n<br \/><a href=\"https:\/\/diariodobrasilnoticias.com.br\/noticia\/senador-faz-criticas-a-comunicacao-do-governo-e-ironiza-declaracao-de-galipolo-sobre-arte-nas-atas-do-copom-67af5733f39f6\">Source link <\/a><\/p>","protected":false},"excerpt":{"rendered":"<p>Em tom de cr\u00edtica, o senador Rog\u00e9rio Marinho (PL-RN), l\u00edder da oposi\u00e7\u00e3o no Senado, disse que o ministro mais importante do governo Lula \u00e9 o da \u201cpropaganda\u201d. O senador tamb\u00e9m&hellip;<\/p>","protected":false},"author":1,"featured_media":102808,"comment_status":"closed","ping_status":"open","sticky":false,"template":"","format":"standard","meta":{"content-type":"","footnotes":""},"categories":[16],"tags":[123,2448,5313,1267],"class_list":["post-102807","post","type-post","status-publish","format-standard","has-post-thumbnail","hentry","category-noticias","tag-brasil","tag-diario","tag-noticia","tag-noticias"],"_links":{"self":[{"href":"https:\/\/tvbrazilusa.com\/pt\/wp-json\/wp\/v2\/posts\/102807","targetHints":{"allow":["GET"]}}],"collection":[{"href":"https:\/\/tvbrazilusa.com\/pt\/wp-json\/wp\/v2\/posts"}],"about":[{"href":"https:\/\/tvbrazilusa.com\/pt\/wp-json\/wp\/v2\/types\/post"}],"author":[{"embeddable":true,"href":"https:\/\/tvbrazilusa.com\/pt\/wp-json\/wp\/v2\/users\/1"}],"replies":[{"embeddable":true,"href":"https:\/\/tvbrazilusa.com\/pt\/wp-json\/wp\/v2\/comments?post=102807"}],"version-history":[{"count":1,"href":"https:\/\/tvbrazilusa.com\/pt\/wp-json\/wp\/v2\/posts\/102807\/revisions"}],"predecessor-version":[{"id":102809,"href":"https:\/\/tvbrazilusa.com\/pt\/wp-json\/wp\/v2\/posts\/102807\/revisions\/102809"}],"wp:featuredmedia":[{"embeddable":true,"href":"https:\/\/tvbrazilusa.com\/pt\/wp-json\/wp\/v2\/media\/102808"}],"wp:attachment":[{"href":"https:\/\/tvbrazilusa.com\/pt\/wp-json\/wp\/v2\/media?parent=102807"}],"wp:term":[{"taxonomy":"category","embeddable":true,"href":"https:\/\/tvbrazilusa.com\/pt\/wp-json\/wp\/v2\/categories?post=102807"},{"taxonomy":"post_tag","embeddable":true,"href":"https:\/\/tvbrazilusa.com\/pt\/wp-json\/wp\/v2\/tags?post=102807"}],"curies":[{"name":"wp","href":"https:\/\/api.w.org\/{rel}","templated":true}]}}