{"id":102813,"date":"2025-02-14T16:23:19","date_gmt":"2025-02-14T16:23:19","guid":{"rendered":"https:\/\/tvbrazilusa.com\/2025\/02\/14\/economistas-afirmam-que-a-reducao-das-reservas-em-dolares-pelo-bc-aumenta-a-vulnerabilidade-do-brasil\/"},"modified":"2025-02-14T16:23:20","modified_gmt":"2025-02-14T16:23:20","slug":"economistas-afirmam-que-a-reducao-das-reservas-em-dolares-pelo-bc-aumenta-a-vulnerabilidade-do-brasil","status":"publish","type":"post","link":"https:\/\/tvbrazilusa.com\/pt\/2025\/02\/14\/economistas-afirmam-que-a-reducao-das-reservas-em-dolares-pelo-bc-aumenta-a-vulnerabilidade-do-brasil\/","title":{"rendered":"Economistas afirmam que a redu\u00e7\u00e3o das reservas em d\u00f3lares pelo BC aumenta a vulnerabilidade do Brasil."},"content":{"rendered":"<p> <script async src=\"https:\/\/pagead2.googlesyndication.com\/pagead\/js\/adsbygoogle.js?client=ca-pub-8864793242727901\"\r\n     crossorigin=\"anonymous\"><\/script><br \/>\n<\/p>\n<div id=\"taboola-read-more\" style=\"display:block; width:100%\">\n<p>A preocupa\u00e7\u00e3o com as contas externas do Brasil voltou a ganhar destaque no mercado financeiro. O tema, que anteriormente parecia resolvido na economia nacional, ressurgiu com for\u00e7a. A sa\u00edda expressiva de d\u00f3lares em dezembro, impulsionada pela interven\u00e7\u00e3o do Banco Central (BC) no c\u00e2mbio, atingiu um recorde dentro do regime de flutua\u00e7\u00e3o cambial. Ao mesmo tempo, o d\u00e9ficit das transa\u00e7\u00f5es correntes, que mede a entrada e sa\u00edda de recursos do pa\u00eds, piorou significativamente.\n<\/p>\n<p>Mesmo com esse cen\u00e1rio, economistas n\u00e3o enxergam uma situa\u00e7\u00e3o alarmante. A desacelera\u00e7\u00e3o econ\u00f4mica, combinada com um d\u00f3lar mais valorizado, reduz as importa\u00e7\u00f5es.<\/p>\n<p>Esse fator pode aliviar a press\u00e3o sobre as contas externas. Al\u00e9m disso, h\u00e1 a expectativa de que o Banco Central n\u00e3o retome a venda de d\u00f3lares na mesma magnitude. No entanto, os indicadores passaram a exigir um acompanhamento mais rigoroso, pois o Brasil pode se tornar mais vulner\u00e1vel a choques internacionais.\n<\/p>\n<p>As pol\u00edticas econ\u00f4micas do governo de Donald Trump indicam um ambiente global com menor circula\u00e7\u00e3o de d\u00f3lares. Barreiras comerciais e a deporta\u00e7\u00e3o de imigrantes dificultam a movimenta\u00e7\u00e3o da moeda. No Brasil, o saldo negativo das transa\u00e7\u00f5es correntes aumentou. Esse fator reflete o d\u00e9ficit nas contas p\u00fablicas e levanta questionamentos sobre a poss\u00edvel natureza estrutural da deprecia\u00e7\u00e3o cambial observada nos \u00faltimos sete meses.\n<\/p>\n<p>Os investimentos estrangeiros diretos, que totalizaram US$ 71 bilh\u00f5es (R$ 408 bilh\u00f5es) em 2023, j\u00e1 n\u00e3o cobrem o d\u00e9ficit das transa\u00e7\u00f5es correntes com a mesma folga de antes. Esse d\u00e9ficit mais que dobrou. O valor passou de US$ 24,5 bilh\u00f5es (1,1% do PIB) em 2023 para US$ 56 bilh\u00f5es (2,5% do PIB) em 2024.\n<\/p>\n<p>Em dezembro, reservas e cr\u00e9ditos brasileiros estavam quase US$ 5 bilh\u00f5es abaixo da d\u00edvida externa, segundo o BC<br \/>A cobertura da d\u00edvida externa atingiu o n\u00edvel mais baixo em 17 anos. De acordo com estimativas do BC, em dezembro as reservas internacionais, somadas aos cr\u00e9ditos brasileiros no exterior e aos haveres de bancos comerciais, superavam a d\u00edvida externa bruta em menos de US$ 5 bilh\u00f5es. Esse \u00e9 o menor saldo desde setembro de 2007, per\u00edodo em que o pa\u00eds n\u00e3o possu\u00eda reservas suficientes para cobrir toda a d\u00edvida externa.\n<\/p>\n<p>Especialistas avaliam que o Brasil pode enfrentar maiores dificuldades diante desse cen\u00e1rio. O economista-chefe do Andbank, Alex Fuste, destacou em entrevista recente ao jornal O Estado de S. Paulo que, embora o Brasil conte com US$ 329,7 bilh\u00f5es em reservas, sua vulnerabilidade a choques externos aumentou.\n<\/p>\n<p>\u201cComo o que temos pela frente, fruto da estrat\u00e9gia de tarifas [de Trump], \u00e9 um choque externo por escassez de d\u00f3lares, posso dizer que o Brasil hoje est\u00e1 em situa\u00e7\u00e3o mais vulner\u00e1vel\u201d, disse Fuste. \u201cIsso \u00e9 o que n\u00f3s, investidores com foco em mercados emergentes, observamos.\u201d\n<\/p>\n<p>Solange Srour, diretora de macroeconomia para o Brasil do UBS Global Wealth Management, destaca que as sa\u00eddas de d\u00f3lares no final do ano passado afastaram as contas externas da zona de conforto.\n<\/p>\n<p>\u201cEst\u00e1 piorando de uma maneira mais acelerada\u201d, declarou Srour. \u201cN\u00e3o tem mais folga no balan\u00e7o de pagamento. O d\u00e9ficit fiscal \u00e9 muito alto, e o de contas correntes est\u00e1 se deteriorando em velocidade muito forte. Passa a ser um problema, sim.\u201d<\/p>\n<p>Fonte: Revista Oeste              <\/p>\n<\/div>\n<p><br \/>\n<br \/><a href=\"https:\/\/diariodobrasilnoticias.com.br\/noticia\/economistas-afirmam-que-a-reducao-das-reservas-em-dolares-pelo-bc-aumenta-a-vulnerabilidade-do-brasil-67af4e5452829\">Source link <\/a><\/p>","protected":false},"excerpt":{"rendered":"<p>A preocupa\u00e7\u00e3o com as contas externas do Brasil voltou a ganhar destaque no mercado financeiro. O tema, que anteriormente parecia resolvido na economia nacional, ressurgiu com for\u00e7a. A sa\u00edda expressiva&hellip;<\/p>","protected":false},"author":1,"featured_media":102814,"comment_status":"closed","ping_status":"open","sticky":false,"template":"","format":"standard","meta":{"content-type":"","footnotes":""},"categories":[16],"tags":[123,2448,5313,1267],"class_list":["post-102813","post","type-post","status-publish","format-standard","has-post-thumbnail","hentry","category-noticias","tag-brasil","tag-diario","tag-noticia","tag-noticias"],"_links":{"self":[{"href":"https:\/\/tvbrazilusa.com\/pt\/wp-json\/wp\/v2\/posts\/102813","targetHints":{"allow":["GET"]}}],"collection":[{"href":"https:\/\/tvbrazilusa.com\/pt\/wp-json\/wp\/v2\/posts"}],"about":[{"href":"https:\/\/tvbrazilusa.com\/pt\/wp-json\/wp\/v2\/types\/post"}],"author":[{"embeddable":true,"href":"https:\/\/tvbrazilusa.com\/pt\/wp-json\/wp\/v2\/users\/1"}],"replies":[{"embeddable":true,"href":"https:\/\/tvbrazilusa.com\/pt\/wp-json\/wp\/v2\/comments?post=102813"}],"version-history":[{"count":1,"href":"https:\/\/tvbrazilusa.com\/pt\/wp-json\/wp\/v2\/posts\/102813\/revisions"}],"predecessor-version":[{"id":102815,"href":"https:\/\/tvbrazilusa.com\/pt\/wp-json\/wp\/v2\/posts\/102813\/revisions\/102815"}],"wp:featuredmedia":[{"embeddable":true,"href":"https:\/\/tvbrazilusa.com\/pt\/wp-json\/wp\/v2\/media\/102814"}],"wp:attachment":[{"href":"https:\/\/tvbrazilusa.com\/pt\/wp-json\/wp\/v2\/media?parent=102813"}],"wp:term":[{"taxonomy":"category","embeddable":true,"href":"https:\/\/tvbrazilusa.com\/pt\/wp-json\/wp\/v2\/categories?post=102813"},{"taxonomy":"post_tag","embeddable":true,"href":"https:\/\/tvbrazilusa.com\/pt\/wp-json\/wp\/v2\/tags?post=102813"}],"curies":[{"name":"wp","href":"https:\/\/api.w.org\/{rel}","templated":true}]}}