{"id":102825,"date":"2025-02-14T16:59:37","date_gmt":"2025-02-14T16:59:37","guid":{"rendered":"https:\/\/tvbrazilusa.com\/2025\/02\/14\/os-sinais-de-alerta-a-alexandre-de-moraes\/"},"modified":"2025-02-14T16:59:39","modified_gmt":"2025-02-14T16:59:39","slug":"os-sinais-de-alerta-a-alexandre-de-moraes","status":"publish","type":"post","link":"https:\/\/tvbrazilusa.com\/pt\/2025\/02\/14\/os-sinais-de-alerta-a-alexandre-de-moraes\/","title":{"rendered":"Os sinais de alerta a Alexandre de Moraes"},"content":{"rendered":"<p> <script async src=\"https:\/\/pagead2.googlesyndication.com\/pagead\/js\/adsbygoogle.js?client=ca-pub-8864793242727901\"\r\n     crossorigin=\"anonymous\"><\/script><br \/>\n<\/p>\n<div>\n<p>Sem cerim\u00f4nia, Trump cortou trilh\u00f5es de d\u00f3lares que os EUA destinavam a ONGs e \u00e0 USaid, ag\u00eancia que patrocina iniciativas no exterior. A c\u00fapula da OEA est\u00e1 atenta a isso. E, para evitar a tesoura, far\u00e1 um relat\u00f3rio que n\u00e3o d\u00ea margem \u00e0 interpreta\u00e7\u00e3o de que atuou com neglig\u00eancia no caso Moraes.\n<\/p>\n<p>Para este ano, a previs\u00e3o \u00e9 que os Estados Unidos destinem 52 milh\u00f5es de d\u00f3lares \u00e0 Organiza\u00e7\u00e3o dos Estados Americanos. O valor corresponde \u00e0 metade do arrecadado pela OEA junto a todos os outros 33 pa\u00edses que integram o colegiado internacional.\n<\/p>\n<p>\u201cImpressionante\u201d<br \/>Um outro term\u00f4metro do que est\u00e1 por vir p\u00f4de ser percebido na entrevista concedida por Pedro Vaca Villarreal a Sam Pancher, no Metr\u00f3poles. Nela, o enviado da OEA disse ter ficado \u201cimpressionado\u201d com o tom das acusa\u00e7\u00f5es feitas por deputados, senadores e manifestantes cr\u00edticos do ministro Alexandre de Moraes.\n<\/p>\n<p>\u201cO tom dos relat\u00f3rios \u00e9 realmente impressionante. Temos que analisar isso com calma. Eles [STF] divulgaram um comunicado de imprensa sobre o encontro. Essa \u00e9 a voz deles. Teremos a nossa mais tarde\u201d, afirmou o representante da OEA.\n<\/p>\n<p>Hist\u00f3rias de manifestantes presos no 8 de Janeiro chamaram a aten\u00e7\u00e3o de Pedro Vaca Villarreal. Entre elas, a de Cleriston Pereira da Cunha, \u201cpatriota\u201d que morreu no pres\u00eddio da Papuda ap\u00f3s passar mal. Meses antes do \u00f3bito, o gabinete de Moraes ignorou pedidos m\u00e9dicos e parecer da Procuradoria-Geral da Rep\u00fablica que solicitavam a soltura de Cleriston. Quem narrou o epis\u00f3dio para a OEA foi Luiza Cunha, filha do falecido.\n<\/p>\n<p>O relat\u00f3rio da Organiza\u00e7\u00e3o dos Estados Americanos ser\u00e1 robusto, n\u00e3o h\u00e1 d\u00favida. A d\u00favida \u00e9 quanto \u00e0 intensidade. Se o documento, que tem abrang\u00eancia e repercuss\u00e3o internacional, provocar\u00e1 leve dor de cabe\u00e7a ou enxaqueca em Alexandre de Moraes. O tempo dir\u00e1.<\/p>\n<p>Fonte: Metr\u00f3poles\n<\/p>\n<\/div>\n<p><br \/>\n<br \/><a href=\"https:\/\/diariodobrasilnoticias.com.br\/noticia\/os-sinais-de-alerta-a-alexandre-de-moraes-67af71c25bf3a\">Source link <\/a><\/p>","protected":false},"excerpt":{"rendered":"<p>Sem cerim\u00f4nia, Trump cortou trilh\u00f5es de d\u00f3lares que os EUA destinavam a ONGs e \u00e0 USaid, ag\u00eancia que patrocina iniciativas no exterior. A c\u00fapula da OEA est\u00e1 atenta a isso.&hellip;<\/p>","protected":false},"author":1,"featured_media":102826,"comment_status":"closed","ping_status":"open","sticky":false,"template":"","format":"standard","meta":{"content-type":"","footnotes":""},"categories":[16],"tags":[123,2448,5313,1267],"class_list":["post-102825","post","type-post","status-publish","format-standard","has-post-thumbnail","hentry","category-noticias","tag-brasil","tag-diario","tag-noticia","tag-noticias"],"_links":{"self":[{"href":"https:\/\/tvbrazilusa.com\/pt\/wp-json\/wp\/v2\/posts\/102825","targetHints":{"allow":["GET"]}}],"collection":[{"href":"https:\/\/tvbrazilusa.com\/pt\/wp-json\/wp\/v2\/posts"}],"about":[{"href":"https:\/\/tvbrazilusa.com\/pt\/wp-json\/wp\/v2\/types\/post"}],"author":[{"embeddable":true,"href":"https:\/\/tvbrazilusa.com\/pt\/wp-json\/wp\/v2\/users\/1"}],"replies":[{"embeddable":true,"href":"https:\/\/tvbrazilusa.com\/pt\/wp-json\/wp\/v2\/comments?post=102825"}],"version-history":[{"count":1,"href":"https:\/\/tvbrazilusa.com\/pt\/wp-json\/wp\/v2\/posts\/102825\/revisions"}],"predecessor-version":[{"id":102827,"href":"https:\/\/tvbrazilusa.com\/pt\/wp-json\/wp\/v2\/posts\/102825\/revisions\/102827"}],"wp:featuredmedia":[{"embeddable":true,"href":"https:\/\/tvbrazilusa.com\/pt\/wp-json\/wp\/v2\/media\/102826"}],"wp:attachment":[{"href":"https:\/\/tvbrazilusa.com\/pt\/wp-json\/wp\/v2\/media?parent=102825"}],"wp:term":[{"taxonomy":"category","embeddable":true,"href":"https:\/\/tvbrazilusa.com\/pt\/wp-json\/wp\/v2\/categories?post=102825"},{"taxonomy":"post_tag","embeddable":true,"href":"https:\/\/tvbrazilusa.com\/pt\/wp-json\/wp\/v2\/tags?post=102825"}],"curies":[{"name":"wp","href":"https:\/\/api.w.org\/{rel}","templated":true}]}}