{"id":102828,"date":"2025-02-14T17:10:11","date_gmt":"2025-02-14T17:10:11","guid":{"rendered":"https:\/\/tvbrazilusa.com\/2025\/02\/14\/lula-diz-que-trocou-ovo-de-galinha-por-ovo-de-pata-e-de-ema-veja-video\/"},"modified":"2025-02-14T17:10:12","modified_gmt":"2025-02-14T17:10:12","slug":"lula-diz-que-trocou-ovo-de-galinha-por-ovo-de-pata-e-de-ema-veja-video","status":"publish","type":"post","link":"https:\/\/tvbrazilusa.com\/pt\/2025\/02\/14\/lula-diz-que-trocou-ovo-de-galinha-por-ovo-de-pata-e-de-ema-veja-video\/","title":{"rendered":"Lula diz que trocou ovo de galinha por ovo de pata e de ema; VEJA V\u00cdDEO"},"content":{"rendered":"<p> <script async src=\"https:\/\/pagead2.googlesyndication.com\/pagead\/js\/adsbygoogle.js?client=ca-pub-8864793242727901\"\r\n     crossorigin=\"anonymous\"><\/script><br \/>\n<\/p>\n<div id=\"taboola-read-more\" style=\"display:block; width:100%\">\n<p>O presidente Luiz In\u00e1cio Lula da Silva (PT) afirmou nesta quinta (13) que alterou a dieta e passou a consumir ovos de pata e de ema em vez dos gerados por galinhas, por serem mais nutritivos. A fala ocorreu durante um discurso para an\u00fancio de pol\u00edticas do governo em Macap\u00e1, no Amap\u00e1, ao lado de ministros e pol\u00edticos do estado.<\/p>\n<p>Lula falava sobre a explora\u00e7\u00e3o de petr\u00f3leo na costa amapaense, que est\u00e1 com o licenciamento pedido pela Petrobras barrado pelo Ibama por mais estudos de impacto ambiental, quando fez a refer\u00eancia \u00e0 altera\u00e7\u00e3o da dieta.<\/p>\n<p>\u201cEu estou comendo agora ovo de pata, que diz que tem mais sust\u00e2ncia. E como eu sou um jovem de 79 anos, eu tenho que comer muito ovo de pata. Ovo de galinha fica pra voc\u00eas que s\u00e3o jovens\u201d, disse.\n<\/p>\n<p>Fonte: Gazeta do Povo              <\/p>\n<\/div>\n<p><br \/>\n<br \/><a href=\"https:\/\/diariodobrasilnoticias.com.br\/noticia\/lula-diz-que-trocou-ovo-de-galinha-por-ovo-de-pata-e-de-ema-veja-video-67af729978831\">Source link <\/a><\/p>","protected":false},"excerpt":{"rendered":"<p>O presidente Luiz In\u00e1cio Lula da Silva (PT) afirmou nesta quinta (13) que alterou a dieta e passou a consumir ovos de pata e de ema em vez dos gerados&hellip;<\/p>","protected":false},"author":1,"featured_media":102829,"comment_status":"closed","ping_status":"open","sticky":false,"template":"","format":"standard","meta":{"content-type":"","footnotes":""},"categories":[16],"tags":[123,2448,5313,1267],"class_list":["post-102828","post","type-post","status-publish","format-standard","has-post-thumbnail","hentry","category-noticias","tag-brasil","tag-diario","tag-noticia","tag-noticias"],"_links":{"self":[{"href":"https:\/\/tvbrazilusa.com\/pt\/wp-json\/wp\/v2\/posts\/102828","targetHints":{"allow":["GET"]}}],"collection":[{"href":"https:\/\/tvbrazilusa.com\/pt\/wp-json\/wp\/v2\/posts"}],"about":[{"href":"https:\/\/tvbrazilusa.com\/pt\/wp-json\/wp\/v2\/types\/post"}],"author":[{"embeddable":true,"href":"https:\/\/tvbrazilusa.com\/pt\/wp-json\/wp\/v2\/users\/1"}],"replies":[{"embeddable":true,"href":"https:\/\/tvbrazilusa.com\/pt\/wp-json\/wp\/v2\/comments?post=102828"}],"version-history":[{"count":1,"href":"https:\/\/tvbrazilusa.com\/pt\/wp-json\/wp\/v2\/posts\/102828\/revisions"}],"predecessor-version":[{"id":102830,"href":"https:\/\/tvbrazilusa.com\/pt\/wp-json\/wp\/v2\/posts\/102828\/revisions\/102830"}],"wp:featuredmedia":[{"embeddable":true,"href":"https:\/\/tvbrazilusa.com\/pt\/wp-json\/wp\/v2\/media\/102829"}],"wp:attachment":[{"href":"https:\/\/tvbrazilusa.com\/pt\/wp-json\/wp\/v2\/media?parent=102828"}],"wp:term":[{"taxonomy":"category","embeddable":true,"href":"https:\/\/tvbrazilusa.com\/pt\/wp-json\/wp\/v2\/categories?post=102828"},{"taxonomy":"post_tag","embeddable":true,"href":"https:\/\/tvbrazilusa.com\/pt\/wp-json\/wp\/v2\/tags?post=102828"}],"curies":[{"name":"wp","href":"https:\/\/api.w.org\/{rel}","templated":true}]}}