{"id":102831,"date":"2025-02-14T17:21:29","date_gmt":"2025-02-14T17:21:29","guid":{"rendered":"https:\/\/tvbrazilusa.com\/2025\/02\/14\/pgr-finaliza-denuncia-contra-bolsonaro-saiba-resultado-das-penas-somadas\/"},"modified":"2025-02-14T17:21:34","modified_gmt":"2025-02-14T17:21:34","slug":"pgr-finaliza-denuncia-contra-bolsonaro-saiba-resultado-das-penas-somadas","status":"publish","type":"post","link":"https:\/\/tvbrazilusa.com\/pt\/2025\/02\/14\/pgr-finaliza-denuncia-contra-bolsonaro-saiba-resultado-das-penas-somadas\/","title":{"rendered":"PGR finaliza den\u00fancia contra Bolsonaro; saiba resultado das penas somadas"},"content":{"rendered":"<p> <script async src=\"https:\/\/pagead2.googlesyndication.com\/pagead\/js\/adsbygoogle.js?client=ca-pub-8864793242727901\"\r\n     crossorigin=\"anonymous\"><\/script><br \/>\n<\/p>\n<div id=\"taboola-read-more\" style=\"display:block; width:100%\">\n<p>A colunista M\u00f4nica Bergamo, da BandNews FM, informou durante a manh\u00e3 desta sexta-feira (14) que o procurador-geral da Rep\u00fablica, Paulo Gonet, sinalizou a pessoas pr\u00f3ximas que a den\u00fancia contra o ex-presidente Jair Bolsonaro (PL) est\u00e1 finalizada e deve ser apresentada nos pr\u00f3ximos dias. H\u00e1 a expectativa de que o ato ocorra antes do Carnaval.\n<\/p>\n<p>De acordo com a jornalista, a Procuradoria-geral da Rep\u00fablica (PGR) deve dividir as den\u00fancias e apresentar, num primeiro momento, apenas a acusa\u00e7\u00e3o de que Bolsonaro teria sido o l\u00edder de uma organiza\u00e7\u00e3o criminosa que tentou dar um golpe de Estado.<\/p>\n<p>Interlocutores tamb\u00e9m afirmaram que a den\u00fancia deve ser dura e enquadrar Bolsonaro com documentos e depoimentos para sustentar a den\u00fancia.\n<\/p>\n<p>Indiciado pela Pol\u00edcia Federal (PF) em tr\u00eas artigos de diferentes leis, Bolsonaro pode ser punido de tr\u00eas a oito anos de pris\u00e3o por \u201cpromover, constituir, financiar ou integrar, pessoalmente ou por interposta pessoa, organiza\u00e7\u00e3o criminosa\u201d, outros quatro a oito anos de pris\u00e3o por \u201ctentar, com emprego de viol\u00eancia ou grave amea\u00e7a, abolir o Estado Democr\u00e1tico de Direito, impedindo ou restringindo o exerc\u00edcio dos poderes constitucionais\u201d, e adicionais quatro a 12 anos de pris\u00e3o por \u201ctentar depor, por meio de viol\u00eancia ou grave amea\u00e7a, o governo legitimamente constitu\u00eddo\u201d.\n<\/p>\n<p>Com isso, Bolsonaro pode ser denunciado com uma pena m\u00e1xima de 28 anos de pris\u00e3o. Caso Gonet pe\u00e7a puni\u00e7\u00e3o m\u00ednima, o ex-presidente pode ser alvo de um pedido de 11 anos de pris\u00e3o. No entanto, h\u00e1 poucas esperan\u00e7as de que isso ocorra, uma vez que envolvidos no 8 de Janeiro foram condenados a 17 anos de pris\u00e3o.\n<\/p>\n<p><strong>Band<\/strong>              <\/p>\n<\/div>\n<p><br \/>\n<br \/><a href=\"https:\/\/diariodobrasilnoticias.com.br\/noticia\/pgr-finaliza-denuncia-contra-bolsonaro-saiba-resultado-das-penas-somadas-67af5c5ab9c81\">Source link <\/a><\/p>","protected":false},"excerpt":{"rendered":"<p>A colunista M\u00f4nica Bergamo, da BandNews FM, informou durante a manh\u00e3 desta sexta-feira (14) que o procurador-geral da Rep\u00fablica, Paulo Gonet, sinalizou a pessoas pr\u00f3ximas que a den\u00fancia contra o&hellip;<\/p>","protected":false},"author":1,"featured_media":102832,"comment_status":"closed","ping_status":"open","sticky":false,"template":"","format":"standard","meta":{"content-type":"","footnotes":""},"categories":[16],"tags":[123,2448,5313,1267],"class_list":["post-102831","post","type-post","status-publish","format-standard","has-post-thumbnail","hentry","category-noticias","tag-brasil","tag-diario","tag-noticia","tag-noticias"],"_links":{"self":[{"href":"https:\/\/tvbrazilusa.com\/pt\/wp-json\/wp\/v2\/posts\/102831","targetHints":{"allow":["GET"]}}],"collection":[{"href":"https:\/\/tvbrazilusa.com\/pt\/wp-json\/wp\/v2\/posts"}],"about":[{"href":"https:\/\/tvbrazilusa.com\/pt\/wp-json\/wp\/v2\/types\/post"}],"author":[{"embeddable":true,"href":"https:\/\/tvbrazilusa.com\/pt\/wp-json\/wp\/v2\/users\/1"}],"replies":[{"embeddable":true,"href":"https:\/\/tvbrazilusa.com\/pt\/wp-json\/wp\/v2\/comments?post=102831"}],"version-history":[{"count":1,"href":"https:\/\/tvbrazilusa.com\/pt\/wp-json\/wp\/v2\/posts\/102831\/revisions"}],"predecessor-version":[{"id":102833,"href":"https:\/\/tvbrazilusa.com\/pt\/wp-json\/wp\/v2\/posts\/102831\/revisions\/102833"}],"wp:featuredmedia":[{"embeddable":true,"href":"https:\/\/tvbrazilusa.com\/pt\/wp-json\/wp\/v2\/media\/102832"}],"wp:attachment":[{"href":"https:\/\/tvbrazilusa.com\/pt\/wp-json\/wp\/v2\/media?parent=102831"}],"wp:term":[{"taxonomy":"category","embeddable":true,"href":"https:\/\/tvbrazilusa.com\/pt\/wp-json\/wp\/v2\/categories?post=102831"},{"taxonomy":"post_tag","embeddable":true,"href":"https:\/\/tvbrazilusa.com\/pt\/wp-json\/wp\/v2\/tags?post=102831"}],"curies":[{"name":"wp","href":"https:\/\/api.w.org\/{rel}","templated":true}]}}