{"id":102840,"date":"2025-02-14T17:50:48","date_gmt":"2025-02-14T17:50:48","guid":{"rendered":"https:\/\/tvbrazilusa.com\/2025\/02\/14\/valor-das-gravatas-do-stf-ultrapassa-o-limite-estabelecido-no-codigo-de-conduta-entenda\/"},"modified":"2025-02-14T17:50:49","modified_gmt":"2025-02-14T17:50:49","slug":"valor-das-gravatas-do-stf-ultrapassa-o-limite-estabelecido-no-codigo-de-conduta-entenda","status":"publish","type":"post","link":"https:\/\/tvbrazilusa.com\/pt\/2025\/02\/14\/valor-das-gravatas-do-stf-ultrapassa-o-limite-estabelecido-no-codigo-de-conduta-entenda\/","title":{"rendered":"Valor das gravatas do STF ultrapassa o limite estabelecido no c\u00f3digo de conduta; ENTENDA"},"content":{"rendered":"<p> <script async src=\"https:\/\/pagead2.googlesyndication.com\/pagead\/js\/adsbygoogle.js?client=ca-pub-8864793242727901\"\r\n     crossorigin=\"anonymous\"><\/script><br \/>\n<\/p>\n<div id=\"taboola-read-more\" style=\"display:block; width:100%\">\n<p>O custo de cada uma das 100 gravatas tem\u00e1ticas adquiridas pelo Supremo Tribunal Federal (STF) para retribuir eventuais presentes que os magistrados venham a receber de autoridades \u00e9 de quase 300% acima do limite que est\u00e1 estabelecido atualmente no C\u00f3digo de Conduta da Alta Administra\u00e7\u00e3o Federal. Enquanto o teto para presentes \u00e9 de R$ 100, o custo unit\u00e1rio das gravatas foi de R$ 384.\n<\/p>\n<p>O c\u00f3digo diz ser \u201cvedada \u00e0 autoridade p\u00fablica a aceita\u00e7\u00e3o de presentes, salvo de autoridades estrangeiras nos casos protocolares em que houver reciprocidade\u201d. No entanto, a norma abre exce\u00e7\u00e3o para brindes, que n\u00e3o s\u00e3o considerados presentes. Nesses casos, os itens n\u00e3o podem ter valor comercial ou ent\u00e3o podem ser distribu\u00eddos como cortesia, desde que o valor n\u00e3o passe de R$ 100.<\/p>\n<p>O Supremo, por\u00e9m, gastou R$ 38.475 na compra de 100 gravatas com a logo da institui\u00e7\u00e3o. Ou seja, cada acess\u00f3rio custou mais de R$ 384. Os itens, que ser\u00e3o dados como presente pelos gabinetes dos ministros, tamb\u00e9m estar\u00e3o \u00e0 venda na livraria do \u00f3rg\u00e3o. Para as mulheres, haver\u00e1 ainda a op\u00e7\u00e3o de um len\u00e7o com a abrevia\u00e7\u00e3o do nome da Corte bordada.\n<\/p>\n<p>Ao site Gazeta do Povo, o professor de Gest\u00e3o P\u00fablica Vinicius Marins, que atua na Funda\u00e7\u00e3o Dom Cabral, questionou se h\u00e1 moralidade e interesse p\u00fablico na aquisi\u00e7\u00e3o dos itens pelo STF.\n<\/p>\n<p>\u2013 A legalidade hoje considera que n\u00e3o \u00e9 s\u00f3 cumprimento da Lei. Considera princ\u00edpios que v\u00e3o al\u00e9m. Por exemplo, \u00e9 razo\u00e1vel, \u00e9 moral, atende ao interesse ao p\u00fablico? Isso pode ser discut\u00edvel diante de uma decis\u00e3o como esta (\u2026). Em um momento no qual se faz o debate de controle fiscal, o Estado faz sinaliza\u00e7\u00e3o no sentido contr\u00e1rio \u2013 disse.\n<\/p>\n<p>O professor destacou ainda que h\u00e1 \u201cquem entenda que o valor de R$ 100 est\u00e1 defasado, ou que \u00e9 de natureza personal\u00edssima, que n\u00e3o gera conflito\u201d, mas que a premissa \u00e9 de que, ainda assim, os presentes n\u00e3o ultrapassem tanto a faixa prevista no c\u00f3digo.\n<\/p>\n<p>\u2013 Querendo ou n\u00e3o, a regra prev\u00ea limite de R$ 100 e a gravata custa R$ 384. Ultrapassa significativamente esse limite \u2013 completou.\n<\/p>\n<p><strong>SOBRE AS GRAVATAS<br \/><\/strong>No \u00faltimo dia 6 de fevereiro, o ministro Lu\u00eds Roberto Barroso, presidente do Supremo Tribunal Federal, anunciou o lan\u00e7amento de uma linha oficial de len\u00e7os e gravatas da Corte. Foram encomendadas cem gravatas personalizadas com refer\u00eancias visuais ao edif\u00edcio-sede do tribunal.\n<\/p>\n<p>O custo unit\u00e1rio da gravata \u00e9 de R$ 384, e a compra consta no Portal da Transpar\u00eancia. Os itens ser\u00e3o usados para presentear autoridades em visitas institucionais ao tribunal.\n<\/p>\n<p>Em tom de brincadeira, Barroso falou que a iniciativa partiu do \u201cdepartamento STF Fashion\u201d.\n<\/p>\n<p>\u2013 N\u00f3s lan\u00e7amos uma gravata do Supremo Tribunal Federal, que todos estamos utilizando, e, para as mulheres, um len\u00e7o bel\u00edssimo, como o que est\u00e1 com a ministra C\u00e1rmen L\u00facia \u2013 disse.\n<\/p>\n<p>O STF recebe visitas regulares de chefes de Estado, chefes de Poderes, e representantes de outros pa\u00edses costumam levar presentes. O lan\u00e7amento da gravata e do len\u00e7o visa retribuir a gentileza.<\/p>\n<p>Fonte: Pleno News              <\/p>\n<\/div>\n<p><br \/>\n<br \/><a href=\"https:\/\/diariodobrasilnoticias.com.br\/noticia\/valor-das-gravatas-do-stf-ultrapassa-o-limite-estabelecido-no-codigo-de-conduta-entenda-67af5f8467107\">Source link <\/a><\/p>","protected":false},"excerpt":{"rendered":"<p>O custo de cada uma das 100 gravatas tem\u00e1ticas adquiridas pelo Supremo Tribunal Federal (STF) para retribuir eventuais presentes que os magistrados venham a receber de autoridades \u00e9 de quase&hellip;<\/p>","protected":false},"author":1,"featured_media":102841,"comment_status":"closed","ping_status":"open","sticky":false,"template":"","format":"standard","meta":{"content-type":"","footnotes":""},"categories":[16],"tags":[123,2448,5313,1267],"class_list":["post-102840","post","type-post","status-publish","format-standard","has-post-thumbnail","hentry","category-noticias","tag-brasil","tag-diario","tag-noticia","tag-noticias"],"_links":{"self":[{"href":"https:\/\/tvbrazilusa.com\/pt\/wp-json\/wp\/v2\/posts\/102840","targetHints":{"allow":["GET"]}}],"collection":[{"href":"https:\/\/tvbrazilusa.com\/pt\/wp-json\/wp\/v2\/posts"}],"about":[{"href":"https:\/\/tvbrazilusa.com\/pt\/wp-json\/wp\/v2\/types\/post"}],"author":[{"embeddable":true,"href":"https:\/\/tvbrazilusa.com\/pt\/wp-json\/wp\/v2\/users\/1"}],"replies":[{"embeddable":true,"href":"https:\/\/tvbrazilusa.com\/pt\/wp-json\/wp\/v2\/comments?post=102840"}],"version-history":[{"count":1,"href":"https:\/\/tvbrazilusa.com\/pt\/wp-json\/wp\/v2\/posts\/102840\/revisions"}],"predecessor-version":[{"id":102842,"href":"https:\/\/tvbrazilusa.com\/pt\/wp-json\/wp\/v2\/posts\/102840\/revisions\/102842"}],"wp:featuredmedia":[{"embeddable":true,"href":"https:\/\/tvbrazilusa.com\/pt\/wp-json\/wp\/v2\/media\/102841"}],"wp:attachment":[{"href":"https:\/\/tvbrazilusa.com\/pt\/wp-json\/wp\/v2\/media?parent=102840"}],"wp:term":[{"taxonomy":"category","embeddable":true,"href":"https:\/\/tvbrazilusa.com\/pt\/wp-json\/wp\/v2\/categories?post=102840"},{"taxonomy":"post_tag","embeddable":true,"href":"https:\/\/tvbrazilusa.com\/pt\/wp-json\/wp\/v2\/tags?post=102840"}],"curies":[{"name":"wp","href":"https:\/\/api.w.org\/{rel}","templated":true}]}}