{"id":102843,"date":"2025-02-14T17:40:35","date_gmt":"2025-02-14T17:40:35","guid":{"rendered":"https:\/\/tvbrazilusa.com\/2025\/02\/14\/o-salao-internacional-de-automovel-de-jacksonville-abre-como-tarifas-pareadas-jacksonville-hoje\/"},"modified":"2025-02-14T17:54:12","modified_gmt":"2025-02-14T17:54:12","slug":"o-salao-internacional-de-automovel-de-jacksonville-abre-como-tarifas-pareadas-jacksonville-hoje","status":"publish","type":"post","link":"https:\/\/tvbrazilusa.com\/pt\/2025\/02\/14\/o-salao-internacional-de-automovel-de-jacksonville-abre-como-tarifas-pareadas-jacksonville-hoje\/","title":{"rendered":"O Sal\u00e3o Internacional de Autom\u00f3vel de Jacksonville abre como tarifas pareadas | Jacksonville hoje"},"content":{"rendered":"<p> <script async src=\"https:\/\/pagead2.googlesyndication.com\/pagead\/js\/adsbygoogle.js?client=ca-pub-8864793242727901\"\r\n     crossorigin=\"anonymous\"><\/script><br \/>\n<\/p>\n<div>\n<p>As rodas de luxo no <a href=\"https:\/\/thejaxautoshow.com\/\" rel=\"nofollow noopener\" target=\"_blank\">Sal\u00e3o Internacional de Autom\u00f3vel de Jacksonville<\/a> Inclua um convers\u00edvel Bentley Continental GT, avaliado em mais de US $ 300.000 e um Range Rover de US $ 107.000.<\/p>\n<p>Mas, quando o Auto Show abre no Prime Osborn Convention Center, os ve\u00edculos el\u00e9tricos tamb\u00e9m enchem o espa\u00e7o, como o Vinfast VF-8 do Vietn\u00e3, Hummer EV e Volkswagen ID de estilo retr\u00f4. Minivan el\u00e9trica do Buzz.<\/p>\n<p>Mesmo com tarifas e aparente interesse em ve\u00edculos el\u00e9tricos, consumidores e montadoras ainda parecem querer ver esses ve\u00edculos, disse Jackie Lynch, presidente da Jacksonville Automobile Dealers Association.<\/p>\n<p>&#8220;Eu acho que (tarifas) \u00e9 uma coisa de curto prazo com o novo governo e o que est\u00e1 acontecendo agora, ent\u00e3o \u00e9 uma esp\u00e9cie de espera para n\u00f3s&#8221;, disse Lynch, que \u00e9 gerente geral da Nimnicht Buick GMC.<\/p>\n<p>Quanto aos VEs, \u201cparece que h\u00e1 algumas negocia\u00e7\u00f5es acontecendo e quem sabe onde vai acabar. Mas eu sei disso: h\u00e1 muitos revendedores em Jacksonville que t\u00eam muito invent\u00e1rio no terreno que certamente n\u00e3o seriam afetados por isso. \u201d<\/p>\n<p>Os consumidores querem g\u00e1s e el\u00e9trico, disse a produtora do show Evelyn Cardenas.<\/p>\n<p>&#8220;H\u00e1 interesse&#8221;, disse Cardenas. \u201cQuando algo se tornou mais popular, voc\u00ea n\u00e3o precisa empurr\u00e1 -lo tanto, e acho que o tipo de Casa Branca tamb\u00e9m percebe isso. Ningu\u00e9m est\u00e1 empurrando ve\u00edculos a g\u00e1s para n\u00f3s, e nem estamos pensando na Casa Branca que n\u00e3o tem interesse em ve\u00edculos a gasolina porque \u00e9 conhecimento comum. Estamos todos dirigindo -os, e acho que o mercado est\u00e1 l\u00e1. \u201d<\/p>\n<figure class=\"wp-block-image size-large\"><figcaption class=\"wp-element-caption\">Manobrar a equipe A Bentley Continental GT Convertible, Front e um Maserati Grecale GT no piso de exibi\u00e7\u00e3o principal no Prime Osborn Convention Center. | Dan Scanlan, Jacksonville hoje<\/figcaption><\/figure>\n<p>Vinte montadoras de Alfa Romeo e Audi para Volvo e Volkswagen estar\u00e3o dispon\u00edveis sexta -feira, s\u00e1bado e domingo para o evento no Centro de Conven\u00e7\u00f5es da cidade. O Big 3 da Am\u00e9rica est\u00e1 l\u00e1 &#8211; Ford, General Motors (Cadillac, Chevrolet, Buick, GMC, Hummer) e Stellantis (Chrysler, Dodge, Ram, Jeep). O mesmo acontece com as montadoras europ\u00e9ias e japonesas da BMW e Mercedes-Benz para Subaru e Toyota.<\/p>\n<p>Como \u00e9 <a href=\"https:\/\/jaxtoday.org\/2023\/02\/15\/time-to-kick-the-tires-jacksonville-auto-show-starts-thursday\/\">quase quatro d\u00e9cadas<\/a>o evento anual v\u00ea muitas pessoas chutando pneus e checando op\u00e7\u00f5es. N\u00e3o s\u00e3o permitidos vendedores, disse Cardenas.<\/p>\n<p>&#8220;\u00c9 um lugar onde ningu\u00e9m est\u00e1 vendendo nada para voc\u00ea&#8221;, disse ele. &#8220;Voc\u00ea pode entrar e entrar em qualquer ve\u00edculo, sentar l\u00e1 com a fam\u00edlia, ver como se sente, coloque o cap\u00f4.&#8221;<\/p>\n<p>Nas semanas que antecederam o show, o presidente Donald Trump prop\u00f4s 25% de tarifas em ve\u00edculos e suas partes que v\u00eam do Canad\u00e1 e do M\u00e9xico, o que poderia ter um <a href=\"https:\/\/www.npr.org\/2025\/02\/03\/nx-s1-5285546\/trump-tariffs-canada-mexico-autos\" rel=\"nofollow noopener\" target=\"_blank\">impacto s\u00e9rio<\/a> Sobre o custo de fabricar ve\u00edculos nos EUA, de acordo com a NPR.<\/p>\n<p>Mais recentemente, Trump disse que planeja anunciar <a href=\"https:\/\/www.npr.org\/2025\/02\/10\/g-s1-47656\/trump-tariffs-aluminum-steel-imports\" rel=\"nofollow noopener\" target=\"_blank\">Um imposto de 25% sobre todo o a\u00e7o e alum\u00ednio importados<\/a>que tamb\u00e9m poderia aumentar o pre\u00e7o de qualquer coisa feita com esses metais.<\/p>\n<p>Trump tamb\u00e9m disse que vai <a href=\"https:\/\/www.npr.org\/2025\/02\/07\/nx-s1-5289922\/trump-transportation-department-ev-charging-halt\" rel=\"nofollow noopener\" target=\"_blank\">Pause um programa federal de energia limpa<\/a> Para expandir a rede de esta\u00e7\u00f5es de carregamento de ve\u00edculos el\u00e9tricos do pa\u00eds, enquanto algumas montadoras reduzem a fabrica\u00e7\u00e3o de EV.<\/p>\n<figure class=\"wp-block-image size-large\"><img loading=\"lazy\" color=\"816e67\" transparency=\"false\" style=\"--dominant-color: #816e67;\" decoding=\"async\" width=\"1024\" height=\"576\" src=\"https:\/\/jaxtoday.org\/wp-content\/uploads\/2025\/02\/20250213_095042-1024x576.jpg\" alt=\"\" class=\"not-transparent wp-image-87638\" srcset=\"https:\/\/jaxtoday.org\/wp-content\/uploads\/2025\/02\/20250213_095042-1024x576.jpg 1024w, https:\/\/jaxtoday.org\/wp-content\/uploads\/2025\/02\/20250213_095042-300x169.jpg 300w, https:\/\/jaxtoday.org\/wp-content\/uploads\/2025\/02\/20250213_095042-768x432.jpg 768w, https:\/\/jaxtoday.org\/wp-content\/uploads\/2025\/02\/20250213_095042-1536x864.jpg 1536w, https:\/\/jaxtoday.org\/wp-content\/uploads\/2025\/02\/20250213_095042-2048x1152.jpg 2048w, https:\/\/jaxtoday.org\/wp-content\/uploads\/2025\/02\/20250213_095042-800x450.jpg 800w, https:\/\/jaxtoday.org\/wp-content\/uploads\/2025\/02\/20250213_095042-1200x675.jpg 1200w, https:\/\/jaxtoday.org\/wp-content\/uploads\/2025\/02\/20250213_095042-427x240.jpg 427w, https:\/\/jaxtoday.org\/wp-content\/uploads\/2025\/02\/20250213_095042-100x56.jpg 100w, https:\/\/jaxtoday.org\/wp-content\/uploads\/2025\/02\/20250213_095042-1650x928.jpg 1650w\" sizes=\"auto, (max-width: 1024px) 100vw, 1024px\"\/><figcaption class=\"wp-element-caption\">Um Volkswagen ID de dois tons. Minivan Buzz Electric fica ao lado de um crossover VW ID.4 EV no The Jacksonville International Auto Show. | Dan Scanlan, Jacksonville hoje<\/figcaption><\/figure>\n<p>Apesar disso, os carros que plugam est\u00e3o em todo o show.<\/p>\n<p>&#8220;Temos muitos ve\u00edculos el\u00e9tricos, e temos passeios e unidades configuradas na frente&#8221;, disse Lynch. &#8220;Stellantis est\u00e1 aqui com cinco ou seis de seus ve\u00edculos, e a General Motors tamb\u00e9m est\u00e1 aqui, e sua sele\u00e7\u00e3o de EV \u00e9 o que voc\u00ea mais ver\u00e1 por a\u00ed.&#8221;<\/p>\n<p>O evento \u00e9 a \u00fanica angaria\u00e7\u00e3o de fundos anual da Jada e suporta in\u00fameras institui\u00e7\u00f5es de caridade no nordeste da Fl\u00f3rida, disse Lynch.<\/p>\n<h3 class=\"wp-block-heading\">Se voc\u00ea for<\/h3>\n<ul class=\"wp-block-list\">\n<li><strong>Horas<\/strong>: meio -dia \u00e0s 21:00 sexta -feira, das 10h \u00e0s 21h, s\u00e1bado e 10h \u00e0s 18h, domingo.<\/li>\n<li><strong>Localiza\u00e7\u00e3o<\/strong>: Prime Osborn Convention Center, 1000 Water St.<\/li>\n<li><strong>Ingressos<\/strong>: US $ 15 por adulto, US $ 10 para militares, US $ 9 para idosos, gratuitos para crian\u00e7as menores de 6 anos. O estacionamento \u00e9 gratuito.<\/li>\n<\/ul>\n<\/div>\n<p><br \/>\n<br \/><a href=\"https:\/\/jaxtoday.org\/2025\/02\/14\/jacksonville-auto-show-2025\/\">Source link <\/a><\/p>","protected":false},"excerpt":{"rendered":"<p>As rodas de luxo no Sal\u00e3o Internacional de Autom\u00f3vel de Jacksonville Inclua um convers\u00edvel Bentley Continental GT, avaliado em mais de US $ 300.000 e um Range Rover de US&hellip;<\/p>","protected":false},"author":1,"featured_media":102844,"comment_status":"closed","ping_status":"open","sticky":false,"template":"","format":"standard","meta":{"content-type":"","footnotes":""},"categories":[1],"tags":[],"class_list":["post-102843","post","type-post","status-publish","format-standard","has-post-thumbnail","hentry","category-uncategorized"],"_links":{"self":[{"href":"https:\/\/tvbrazilusa.com\/pt\/wp-json\/wp\/v2\/posts\/102843","targetHints":{"allow":["GET"]}}],"collection":[{"href":"https:\/\/tvbrazilusa.com\/pt\/wp-json\/wp\/v2\/posts"}],"about":[{"href":"https:\/\/tvbrazilusa.com\/pt\/wp-json\/wp\/v2\/types\/post"}],"author":[{"embeddable":true,"href":"https:\/\/tvbrazilusa.com\/pt\/wp-json\/wp\/v2\/users\/1"}],"replies":[{"embeddable":true,"href":"https:\/\/tvbrazilusa.com\/pt\/wp-json\/wp\/v2\/comments?post=102843"}],"version-history":[{"count":1,"href":"https:\/\/tvbrazilusa.com\/pt\/wp-json\/wp\/v2\/posts\/102843\/revisions"}],"predecessor-version":[{"id":102845,"href":"https:\/\/tvbrazilusa.com\/pt\/wp-json\/wp\/v2\/posts\/102843\/revisions\/102845"}],"wp:featuredmedia":[{"embeddable":true,"href":"https:\/\/tvbrazilusa.com\/pt\/wp-json\/wp\/v2\/media\/102844"}],"wp:attachment":[{"href":"https:\/\/tvbrazilusa.com\/pt\/wp-json\/wp\/v2\/media?parent=102843"}],"wp:term":[{"taxonomy":"category","embeddable":true,"href":"https:\/\/tvbrazilusa.com\/pt\/wp-json\/wp\/v2\/categories?post=102843"},{"taxonomy":"post_tag","embeddable":true,"href":"https:\/\/tvbrazilusa.com\/pt\/wp-json\/wp\/v2\/tags?post=102843"}],"curies":[{"name":"wp","href":"https:\/\/api.w.org\/{rel}","templated":true}]}}