{"id":102858,"date":"2025-02-14T18:38:05","date_gmt":"2025-02-14T18:38:05","guid":{"rendered":"https:\/\/tvbrazilusa.com\/2025\/02\/14\/faccao-criminosa-proibe-carros-e-motos-de-aplicativo-em-comunidades\/"},"modified":"2025-02-14T18:38:07","modified_gmt":"2025-02-14T18:38:07","slug":"faccao-criminosa-proibe-carros-e-motos-de-aplicativo-em-comunidades","status":"publish","type":"post","link":"https:\/\/tvbrazilusa.com\/pt\/2025\/02\/14\/faccao-criminosa-proibe-carros-e-motos-de-aplicativo-em-comunidades\/","title":{"rendered":"Fac\u00e7\u00e3o criminosa pro\u00edbe carros e motos de aplicativo em comunidades"},"content":{"rendered":"<p> <script async src=\"https:\/\/pagead2.googlesyndication.com\/pagead\/js\/adsbygoogle.js?client=ca-pub-8864793242727901\"\r\n     crossorigin=\"anonymous\"><\/script><br \/>\n<\/p>\n<div>\n<figure class=\"post-image\">\n<\/figure>\n<p>            <span style=\"font-size: 12px\">Divulga\u00e7\u00e3o<\/span><\/p>\n<p>            <!-- end metas --><br \/>\n            <!-- ADS --><\/p>\n<div id=\"taboola-read-more\" style=\"display:block; width:100%\">\n<p>Sob o dom\u00ednio do medo exercido pelo Comando Vermelho (CV), moradores de algumas comunidades do Rio de Janeiro perderam o direto de pedir transporte por meio de aplicativos. Tanto carros quanto motos vinculados aos chamados apps est\u00e3o proibidos de circularem dentro das regi\u00f5es comandadas pelos faccionados, com raras exce\u00e7\u00f5es analisadas pelos chef\u00f5es do tr\u00e1fico. A desobedi\u00eancia pode custar a vida do motorista e passageiros.\n<\/p>\n<p>Uma das \u00faltimas ordens impostas pelo CV vetou a circula\u00e7\u00e3o de motoristas de aplicativos no bairro da Gard\u00eania Azul, na Zona Oeste do Rio. A restri\u00e7\u00e3o, segundo relatos de moradores, vale tanto para carros quanto para motos. O comunicado, que foi pichado em um muro do bairro e assinado pelo Comando Vermelho, menciona especificamente a empresa, uma das empresas de transporte por aplicativo mais utilizadas na cidade.<\/p>\n<p>Moradores relatam que traficantes amea\u00e7aram os motoristas do aplicativo que insistirem em continuar circulando pela Gard\u00eania Azul. A Pol\u00edcia Militar informou que firmou uma parceria com a empresa e criou um bot\u00e3o de emerg\u00eancia para que os motoristas acionem sempre que se sentirem em risco. A PM tamb\u00e9m destacou que realiza fiscaliza\u00e7\u00e3o constante na regi\u00e3o. As informa\u00e7\u00f5es s\u00e3o do Metr\u00f3poles.\n<\/p>\n<p>Fonte: @96fmnatal \/ Instagram              <\/p>\n<\/div>\n<p>                        <!-- Scripts para conteudo --><\/p>\n<p>            <!-- .\/Scripts para conteudo --><br \/>\n            <!-- .\/Mat\u00e9ria --><\/p>\n<div class=\"row mt-3\">\n<div class=\"col-sm-6\">\n                <!-- Whatsapp channel 3--><br \/>\n                <a href=\"https:\/\/chat.whatsapp.com\/B8Qy6Erx4kb6yTzj3kaDco\" target=\"_blank\"><br \/>\n                  <img decoding=\"async\" src=\"https:\/\/diariodobrasilnoticias.com.br\/assets-site\/images\/bot_whatsapp.png\"\/><\/a>\n              <\/div>\n<div class=\"col-sm-6\">\n                <a href=\"https:\/\/t.me\/+_4gTmi5LKo03OTM5\" target=\"_blank\"><br \/>\n                  <img decoding=\"async\" src=\"https:\/\/diariodobrasilnoticias.com.br\/assets-site\/images\/bot_telegram.png\"\/><\/a>\n              <\/div>\n<\/p><\/div>\n<p>            <!-- end post-navigation --><\/p>\n<p>              <!-- end row --><\/p>\n<p>              <!-- end col-12-->\n                      <\/div>\n<p><br \/>\n<br \/><a href=\"https:\/\/diariodobrasilnoticias.com.br\/noticia\/faccao-criminosa-proibe-carros-e-motos-de-aplicativo-em-comunidades-67af8911cade4\">Source link <\/a><\/p>","protected":false},"excerpt":{"rendered":"<p>Divulga\u00e7\u00e3o Sob o dom\u00ednio do medo exercido pelo Comando Vermelho (CV), moradores de algumas comunidades do Rio de Janeiro perderam o direto de pedir transporte por meio de aplicativos. Tanto&hellip;<\/p>","protected":false},"author":1,"featured_media":102859,"comment_status":"closed","ping_status":"open","sticky":false,"template":"","format":"standard","meta":{"content-type":"","footnotes":""},"categories":[16],"tags":[123,2448,5313,1267],"class_list":["post-102858","post","type-post","status-publish","format-standard","has-post-thumbnail","hentry","category-noticias","tag-brasil","tag-diario","tag-noticia","tag-noticias"],"_links":{"self":[{"href":"https:\/\/tvbrazilusa.com\/pt\/wp-json\/wp\/v2\/posts\/102858","targetHints":{"allow":["GET"]}}],"collection":[{"href":"https:\/\/tvbrazilusa.com\/pt\/wp-json\/wp\/v2\/posts"}],"about":[{"href":"https:\/\/tvbrazilusa.com\/pt\/wp-json\/wp\/v2\/types\/post"}],"author":[{"embeddable":true,"href":"https:\/\/tvbrazilusa.com\/pt\/wp-json\/wp\/v2\/users\/1"}],"replies":[{"embeddable":true,"href":"https:\/\/tvbrazilusa.com\/pt\/wp-json\/wp\/v2\/comments?post=102858"}],"version-history":[{"count":1,"href":"https:\/\/tvbrazilusa.com\/pt\/wp-json\/wp\/v2\/posts\/102858\/revisions"}],"predecessor-version":[{"id":102860,"href":"https:\/\/tvbrazilusa.com\/pt\/wp-json\/wp\/v2\/posts\/102858\/revisions\/102860"}],"wp:featuredmedia":[{"embeddable":true,"href":"https:\/\/tvbrazilusa.com\/pt\/wp-json\/wp\/v2\/media\/102859"}],"wp:attachment":[{"href":"https:\/\/tvbrazilusa.com\/pt\/wp-json\/wp\/v2\/media?parent=102858"}],"wp:term":[{"taxonomy":"category","embeddable":true,"href":"https:\/\/tvbrazilusa.com\/pt\/wp-json\/wp\/v2\/categories?post=102858"},{"taxonomy":"post_tag","embeddable":true,"href":"https:\/\/tvbrazilusa.com\/pt\/wp-json\/wp\/v2\/tags?post=102858"}],"curies":[{"name":"wp","href":"https:\/\/api.w.org\/{rel}","templated":true}]}}