{"id":102864,"date":"2025-02-14T18:52:27","date_gmt":"2025-02-14T18:52:27","guid":{"rendered":"https:\/\/tvbrazilusa.com\/2025\/02\/14\/aviao-derrapa-e-sai-da-pista-no-aeroporto\/"},"modified":"2025-02-14T18:52:29","modified_gmt":"2025-02-14T18:52:29","slug":"aviao-derrapa-e-sai-da-pista-no-aeroporto","status":"publish","type":"post","link":"https:\/\/tvbrazilusa.com\/pt\/2025\/02\/14\/aviao-derrapa-e-sai-da-pista-no-aeroporto\/","title":{"rendered":"Avi\u00e3o derrapa e sai da pista no Aeroporto"},"content":{"rendered":"<p> <script async src=\"https:\/\/pagead2.googlesyndication.com\/pagead\/js\/adsbygoogle.js?client=ca-pub-8864793242727901\"\r\n     crossorigin=\"anonymous\"><\/script><br \/>\n<\/p>\n<div id=\"taboola-read-more\" style=\"display:block; width:100%\">\n<p>Um avi\u00e3o de pequeno porte, modelo King Air, saiu da pista de taxiamento do Aeroporto Campo de Marte, na Zona Norte de S\u00e3o Paulo, na manh\u00e3 desta sexta-feira (14), no momento em que se dirigia, em baixa velocidade, para os procedimentos de decolagem.\n<\/p>\n<p>Conforme a concession\u00e1ria Pax Aeroportos, a ocorr\u00eancia foi registrada \u00e0s 9h16. Ningu\u00e9m se feriu e n\u00e3o houve impacto na opera\u00e7\u00e3o do aeroporto. As autoridades aeron\u00e1uticas foram notificadas, conforme as normas em vigor, segundo a administradora do aeroporto.<\/p>\n<p>O incidente acontece uma semana ap\u00f3s um avi\u00e3o de pequeno porte cair no meio da Avenida Marqu\u00eas de S\u00e3o Vicente, na Barra Funda, na Zona Oeste de S\u00e3o Paulo.\n<\/p>\n<p>Na ocasi\u00e3o, a aeronave derrubou um poste, bateu em um \u00f4nibus e explodiu. Piloto e copiloto morreram. Outras seis pessoas que estavam no coletivo tiveram ferimentos leves.\n<\/p>\n<p>Na \u00faltima ter\u00e7a-feira (11), um avi\u00e3o colidiu com um carro de manuten\u00e7\u00e3o na pista do Aeroporto Internacional Tom Jobim, o Gale\u00e3o, no Rio de Janeiro. O incidente ocorreu por volta das 22h e n\u00e3o deixou v\u00edtimas. Especialistas dizem ser dif\u00edcil apontar apenas uma tend\u00eancia por tr\u00e1s da alta no n\u00famero de acidentes envolvendo avi\u00f5es.<\/p>\n<p>Fonte: Pleno News              <\/p>\n<\/div>\n<p><br \/>\n<br \/><a href=\"https:\/\/diariodobrasilnoticias.com.br\/noticia\/aviao-derrapa-e-sai-da-pista-no-aeroporto-67af6d1260318\">Source link <\/a><\/p>","protected":false},"excerpt":{"rendered":"<p>Um avi\u00e3o de pequeno porte, modelo King Air, saiu da pista de taxiamento do Aeroporto Campo de Marte, na Zona Norte de S\u00e3o Paulo, na manh\u00e3 desta sexta-feira (14), no&hellip;<\/p>","protected":false},"author":1,"featured_media":102865,"comment_status":"closed","ping_status":"open","sticky":false,"template":"","format":"standard","meta":{"content-type":"","footnotes":""},"categories":[16],"tags":[123,2448,5313,1267],"class_list":["post-102864","post","type-post","status-publish","format-standard","has-post-thumbnail","hentry","category-noticias","tag-brasil","tag-diario","tag-noticia","tag-noticias"],"_links":{"self":[{"href":"https:\/\/tvbrazilusa.com\/pt\/wp-json\/wp\/v2\/posts\/102864","targetHints":{"allow":["GET"]}}],"collection":[{"href":"https:\/\/tvbrazilusa.com\/pt\/wp-json\/wp\/v2\/posts"}],"about":[{"href":"https:\/\/tvbrazilusa.com\/pt\/wp-json\/wp\/v2\/types\/post"}],"author":[{"embeddable":true,"href":"https:\/\/tvbrazilusa.com\/pt\/wp-json\/wp\/v2\/users\/1"}],"replies":[{"embeddable":true,"href":"https:\/\/tvbrazilusa.com\/pt\/wp-json\/wp\/v2\/comments?post=102864"}],"version-history":[{"count":1,"href":"https:\/\/tvbrazilusa.com\/pt\/wp-json\/wp\/v2\/posts\/102864\/revisions"}],"predecessor-version":[{"id":102866,"href":"https:\/\/tvbrazilusa.com\/pt\/wp-json\/wp\/v2\/posts\/102864\/revisions\/102866"}],"wp:featuredmedia":[{"embeddable":true,"href":"https:\/\/tvbrazilusa.com\/pt\/wp-json\/wp\/v2\/media\/102865"}],"wp:attachment":[{"href":"https:\/\/tvbrazilusa.com\/pt\/wp-json\/wp\/v2\/media?parent=102864"}],"wp:term":[{"taxonomy":"category","embeddable":true,"href":"https:\/\/tvbrazilusa.com\/pt\/wp-json\/wp\/v2\/categories?post=102864"},{"taxonomy":"post_tag","embeddable":true,"href":"https:\/\/tvbrazilusa.com\/pt\/wp-json\/wp\/v2\/tags?post=102864"}],"curies":[{"name":"wp","href":"https:\/\/api.w.org\/{rel}","templated":true}]}}