{"id":102873,"date":"2025-02-14T19:26:08","date_gmt":"2025-02-14T19:26:08","guid":{"rendered":"https:\/\/tvbrazilusa.com\/2025\/02\/14\/urgente-moraes-nega-indulto-a-daniel-silveira-e-rejeita-liberdade-condicional\/"},"modified":"2025-02-14T19:26:09","modified_gmt":"2025-02-14T19:26:09","slug":"urgente-moraes-nega-indulto-a-daniel-silveira-e-rejeita-liberdade-condicional","status":"publish","type":"post","link":"https:\/\/tvbrazilusa.com\/pt\/2025\/02\/14\/urgente-moraes-nega-indulto-a-daniel-silveira-e-rejeita-liberdade-condicional\/","title":{"rendered":"URGENTE: Moraes nega indulto a Daniel Silveira e rejeita liberdade condicional"},"content":{"rendered":"<p> <script async src=\"https:\/\/pagead2.googlesyndication.com\/pagead\/js\/adsbygoogle.js?client=ca-pub-8864793242727901\"\r\n     crossorigin=\"anonymous\"><\/script><br \/>\n<\/p>\n<div id=\"taboola-read-more\" style=\"display:block; width:100%\">\n<p>O ministro Alexandre de Moraes, do Supremo Tribunal Federal (STF), rejeitou, nesta sexta-feira, 14, o pedido de indulto feito pela defesa do ex-deputado federal Daniel Silveira.\n<\/p>\n<p>Conforme os advogados do ex-parlamentar, o benef\u00edcio natalino concedido pelo presidente Luiz In\u00e1cio Lula da Silva a detentos, no ano passado, abrange Silveira.<\/p>\n<p>Moraes, contudo, seguiu um parecer da Procuradoria-Geral da Rep\u00fablica, que se manifestou contra a garantia.\n<\/p>\n<p>O ministro do STF mandou ainda Silveira de volta para a Col\u00f4nia Agr\u00edcola de Mag\u00e9 (RJ), onde estava antes de obter a liberdade condicional.\n<\/p>\n<p>A decis\u00e3o de Moraes contra Silveira\n<\/p>\n<p>\u201cMantenho a revoca\u00e7\u00e3o do livramento condicional e determino o imediato retorno do sentenciado ao regime semiaberto, na Col\u00f4nia Agr\u00edcola Marco Aur\u00e9lio Vergas Tavares de Mattos; vedando-se, nos termos dos artigos 87 e 88 do C\u00f3digo Penal, a concess\u00e3o de novo livramento condicional, bem como o desconto do per\u00edodo de liberdade no c\u00e1lculo do cumprimento da pena\u201d, estabeleceu Moraes. \u201cDetermino que seja anotado, como interrup\u00e7\u00e3o da pena, o per\u00edodo em que o sentenciado esteve solto, qual seja, 20\/12\/2024 a 23\/12\/2024 (art. 88 do CP).\u201d\n<\/p>\n<p>\u201cIndefiro o requerimento do Decreto N\u00ba 12.338\/2024, por expressa veda\u00e7\u00e3o de seu artigo 1\u00ba, inciso XV, pois incab\u00edvel o decreto natalino para condenados por crimes contra o Estado Democr\u00e1tico de Direito\u201d, prosseguiu o ministro. \u201cEstabele\u00e7o ainda a expedi\u00e7\u00e3o de nova Certid\u00e3o de Pena a Cumprir, observadas as determina\u00e7\u00f5es acima, com atualiza\u00e7\u00e3o dos c\u00e1lculos de cumprimento de pena e ci\u00eancia ao sentenciado.\u201d\n<\/p>\n<p>Fonte: Revista Oeste              <\/p>\n<\/div>\n<p><br \/>\n<br \/><a href=\"https:\/\/diariodobrasilnoticias.com.br\/noticia\/urgente-moraes-nega-indulto-a-daniel-silveira-e-rejeita-liberdade-condicional-67af791eab994\">Source link <\/a><\/p>","protected":false},"excerpt":{"rendered":"<p>O ministro Alexandre de Moraes, do Supremo Tribunal Federal (STF), rejeitou, nesta sexta-feira, 14, o pedido de indulto feito pela defesa do ex-deputado federal Daniel Silveira. Conforme os advogados do&hellip;<\/p>","protected":false},"author":1,"featured_media":102874,"comment_status":"closed","ping_status":"open","sticky":false,"template":"","format":"standard","meta":{"content-type":"","footnotes":""},"categories":[16],"tags":[123,2448,5313,1267],"class_list":["post-102873","post","type-post","status-publish","format-standard","has-post-thumbnail","hentry","category-noticias","tag-brasil","tag-diario","tag-noticia","tag-noticias"],"_links":{"self":[{"href":"https:\/\/tvbrazilusa.com\/pt\/wp-json\/wp\/v2\/posts\/102873","targetHints":{"allow":["GET"]}}],"collection":[{"href":"https:\/\/tvbrazilusa.com\/pt\/wp-json\/wp\/v2\/posts"}],"about":[{"href":"https:\/\/tvbrazilusa.com\/pt\/wp-json\/wp\/v2\/types\/post"}],"author":[{"embeddable":true,"href":"https:\/\/tvbrazilusa.com\/pt\/wp-json\/wp\/v2\/users\/1"}],"replies":[{"embeddable":true,"href":"https:\/\/tvbrazilusa.com\/pt\/wp-json\/wp\/v2\/comments?post=102873"}],"version-history":[{"count":1,"href":"https:\/\/tvbrazilusa.com\/pt\/wp-json\/wp\/v2\/posts\/102873\/revisions"}],"predecessor-version":[{"id":102875,"href":"https:\/\/tvbrazilusa.com\/pt\/wp-json\/wp\/v2\/posts\/102873\/revisions\/102875"}],"wp:featuredmedia":[{"embeddable":true,"href":"https:\/\/tvbrazilusa.com\/pt\/wp-json\/wp\/v2\/media\/102874"}],"wp:attachment":[{"href":"https:\/\/tvbrazilusa.com\/pt\/wp-json\/wp\/v2\/media?parent=102873"}],"wp:term":[{"taxonomy":"category","embeddable":true,"href":"https:\/\/tvbrazilusa.com\/pt\/wp-json\/wp\/v2\/categories?post=102873"},{"taxonomy":"post_tag","embeddable":true,"href":"https:\/\/tvbrazilusa.com\/pt\/wp-json\/wp\/v2\/tags?post=102873"}],"curies":[{"name":"wp","href":"https:\/\/api.w.org\/{rel}","templated":true}]}}