{"id":102887,"date":"2025-02-14T20:07:11","date_gmt":"2025-02-14T20:07:11","guid":{"rendered":"https:\/\/tvbrazilusa.com\/2025\/02\/14\/pastor-tem-busca-e-apreensao-pela-policia-federal-e-discute-com-investigadores-sou-bispo-patriota-e-tratado-como-marginal-veja-video\/"},"modified":"2025-02-14T20:07:12","modified_gmt":"2025-02-14T20:07:12","slug":"pastor-tem-busca-e-apreensao-pela-policia-federal-e-discute-com-investigadores-sou-bispo-patriota-e-tratado-como-marginal-veja-video","status":"publish","type":"post","link":"https:\/\/tvbrazilusa.com\/pt\/2025\/02\/14\/pastor-tem-busca-e-apreensao-pela-policia-federal-e-discute-com-investigadores-sou-bispo-patriota-e-tratado-como-marginal-veja-video\/","title":{"rendered":"Pastor tem busca e apreens\u00e3o pela policia federal e discute com investigadores: &#8216;sou bispo, patriota e tratado como marginal&#8217;; VEJA V\u00cdDEO"},"content":{"rendered":"<p> <script async src=\"https:\/\/pagead2.googlesyndication.com\/pagead\/js\/adsbygoogle.js?client=ca-pub-8864793242727901\"\r\n     crossorigin=\"anonymous\"><\/script><br \/>\n<br \/>Revoltado ao ser alvo de busca e apreens\u00e3o, o secret\u00e1rio de Assist\u00eancia Social de V\u00e1rzea Grande, Gustavo Henrique Duarte, brigou com investigadores da Pol\u00edcia Federal (PF), nessa sexta-feira (14\/2).<br \/>\n<br \/><br \/>\n<br \/><a href=\"https:\/\/diariodobrasilnoticias.com.br\/noticia\/pastor-tem-busca-e-apreensao-pela-policia-federal-e-discute-com-investigadores-sou-bispo-patriota-e-tratado-como-marginal-veja-video-67af88a300e1f\">Source link <\/a><\/p>","protected":false},"excerpt":{"rendered":"<p>Revoltado ao ser alvo de busca e apreens\u00e3o, o secret\u00e1rio de Assist\u00eancia Social de V\u00e1rzea Grande, Gustavo Henrique Duarte, brigou com investigadores da Pol\u00edcia Federal (PF), nessa sexta-feira (14\/2). Source&hellip;<\/p>","protected":false},"author":1,"featured_media":102888,"comment_status":"closed","ping_status":"open","sticky":false,"template":"","format":"standard","meta":{"content-type":"","footnotes":""},"categories":[16],"tags":[123,2448,5313,1267],"class_list":["post-102887","post","type-post","status-publish","format-standard","has-post-thumbnail","hentry","category-noticias","tag-brasil","tag-diario","tag-noticia","tag-noticias"],"_links":{"self":[{"href":"https:\/\/tvbrazilusa.com\/pt\/wp-json\/wp\/v2\/posts\/102887","targetHints":{"allow":["GET"]}}],"collection":[{"href":"https:\/\/tvbrazilusa.com\/pt\/wp-json\/wp\/v2\/posts"}],"about":[{"href":"https:\/\/tvbrazilusa.com\/pt\/wp-json\/wp\/v2\/types\/post"}],"author":[{"embeddable":true,"href":"https:\/\/tvbrazilusa.com\/pt\/wp-json\/wp\/v2\/users\/1"}],"replies":[{"embeddable":true,"href":"https:\/\/tvbrazilusa.com\/pt\/wp-json\/wp\/v2\/comments?post=102887"}],"version-history":[{"count":1,"href":"https:\/\/tvbrazilusa.com\/pt\/wp-json\/wp\/v2\/posts\/102887\/revisions"}],"predecessor-version":[{"id":102889,"href":"https:\/\/tvbrazilusa.com\/pt\/wp-json\/wp\/v2\/posts\/102887\/revisions\/102889"}],"wp:featuredmedia":[{"embeddable":true,"href":"https:\/\/tvbrazilusa.com\/pt\/wp-json\/wp\/v2\/media\/102888"}],"wp:attachment":[{"href":"https:\/\/tvbrazilusa.com\/pt\/wp-json\/wp\/v2\/media?parent=102887"}],"wp:term":[{"taxonomy":"category","embeddable":true,"href":"https:\/\/tvbrazilusa.com\/pt\/wp-json\/wp\/v2\/categories?post=102887"},{"taxonomy":"post_tag","embeddable":true,"href":"https:\/\/tvbrazilusa.com\/pt\/wp-json\/wp\/v2\/tags?post=102887"}],"curies":[{"name":"wp","href":"https:\/\/api.w.org\/{rel}","templated":true}]}}