{"id":102899,"date":"2025-02-14T21:04:27","date_gmt":"2025-02-14T21:04:27","guid":{"rendered":"https:\/\/tvbrazilusa.com\/2025\/02\/14\/o-maior-vulcao-da-europa-entra-em-erupcao-e-causa-terremotos-veja-video\/"},"modified":"2025-02-14T21:04:28","modified_gmt":"2025-02-14T21:04:28","slug":"o-maior-vulcao-da-europa-entra-em-erupcao-e-causa-terremotos-veja-video","status":"publish","type":"post","link":"https:\/\/tvbrazilusa.com\/pt\/2025\/02\/14\/o-maior-vulcao-da-europa-entra-em-erupcao-e-causa-terremotos-veja-video\/","title":{"rendered":"O maior vulc\u00e3o da Europa entra em erup\u00e7\u00e3o e causa terremotos; VEJA V\u00cdDEO"},"content":{"rendered":"<p> <script async src=\"https:\/\/pagead2.googlesyndication.com\/pagead\/js\/adsbygoogle.js?client=ca-pub-8864793242727901\"\r\n     crossorigin=\"anonymous\"><\/script><br \/>\n<\/p>\n<div id=\"taboola-read-more\" style=\"display:block; width:100%\">\n<p>O mais alto vulc\u00e3o da Europa, o Etna, entrou em erup\u00e7\u00e3o nesta sexta-feira (14\/2) e provocou v\u00e1rios terremotos com magnitudes que chegaram a 3,7 na \u00e1rea do cume do monte, localizado na Sic\u00edlia.<\/p>\n<p>Etna, um dos vulc\u00f5es mais ativos do mundo, fica pr\u00f3ximo \u00e0 cidade de Cat\u00e2nia e tem 3.300 metros de altura. V\u00eddeos registraram o fen\u00f4meno mais recente, com lava escorrendo pelo monte em cascatas.\n<\/p>\n<p><strong>ASSISTA:\u00a0<\/strong><\/p>\n<p>Fonte: Metr\u00f3poles\u00a0              <\/p>\n<\/div>\n<p><br \/>\n<br \/><a href=\"https:\/\/diariodobrasilnoticias.com.br\/noticia\/o-maior-vulcao-da-europa-entra-em-erupcao-e-causa-terremotos-veja-video-67af921113f0e\">Source link <\/a><\/p>","protected":false},"excerpt":{"rendered":"<p>O mais alto vulc\u00e3o da Europa, o Etna, entrou em erup\u00e7\u00e3o nesta sexta-feira (14\/2) e provocou v\u00e1rios terremotos com magnitudes que chegaram a 3,7 na \u00e1rea do cume do monte,&hellip;<\/p>","protected":false},"author":1,"featured_media":102900,"comment_status":"closed","ping_status":"open","sticky":false,"template":"","format":"standard","meta":{"content-type":"","footnotes":""},"categories":[16],"tags":[123,2448,5313,1267],"class_list":["post-102899","post","type-post","status-publish","format-standard","has-post-thumbnail","hentry","category-noticias","tag-brasil","tag-diario","tag-noticia","tag-noticias"],"_links":{"self":[{"href":"https:\/\/tvbrazilusa.com\/pt\/wp-json\/wp\/v2\/posts\/102899","targetHints":{"allow":["GET"]}}],"collection":[{"href":"https:\/\/tvbrazilusa.com\/pt\/wp-json\/wp\/v2\/posts"}],"about":[{"href":"https:\/\/tvbrazilusa.com\/pt\/wp-json\/wp\/v2\/types\/post"}],"author":[{"embeddable":true,"href":"https:\/\/tvbrazilusa.com\/pt\/wp-json\/wp\/v2\/users\/1"}],"replies":[{"embeddable":true,"href":"https:\/\/tvbrazilusa.com\/pt\/wp-json\/wp\/v2\/comments?post=102899"}],"version-history":[{"count":1,"href":"https:\/\/tvbrazilusa.com\/pt\/wp-json\/wp\/v2\/posts\/102899\/revisions"}],"predecessor-version":[{"id":102901,"href":"https:\/\/tvbrazilusa.com\/pt\/wp-json\/wp\/v2\/posts\/102899\/revisions\/102901"}],"wp:featuredmedia":[{"embeddable":true,"href":"https:\/\/tvbrazilusa.com\/pt\/wp-json\/wp\/v2\/media\/102900"}],"wp:attachment":[{"href":"https:\/\/tvbrazilusa.com\/pt\/wp-json\/wp\/v2\/media?parent=102899"}],"wp:term":[{"taxonomy":"category","embeddable":true,"href":"https:\/\/tvbrazilusa.com\/pt\/wp-json\/wp\/v2\/categories?post=102899"},{"taxonomy":"post_tag","embeddable":true,"href":"https:\/\/tvbrazilusa.com\/pt\/wp-json\/wp\/v2\/tags?post=102899"}],"curies":[{"name":"wp","href":"https:\/\/api.w.org\/{rel}","templated":true}]}}