{"id":102917,"date":"2025-02-14T22:08:25","date_gmt":"2025-02-14T22:08:25","guid":{"rendered":"https:\/\/tvbrazilusa.com\/2025\/02\/14\/cuba-suspende-atividades-nao-essenciais-e-mais-da-metade-do-pais-fica-sem-energia\/"},"modified":"2025-02-14T22:08:30","modified_gmt":"2025-02-14T22:08:30","slug":"cuba-suspende-atividades-nao-essenciais-e-mais-da-metade-do-pais-fica-sem-energia","status":"publish","type":"post","link":"https:\/\/tvbrazilusa.com\/pt\/2025\/02\/14\/cuba-suspende-atividades-nao-essenciais-e-mais-da-metade-do-pais-fica-sem-energia\/","title":{"rendered":"Cuba suspende atividades n\u00e3o essenciais, e mais da metade do pa\u00eds fica sem energia"},"content":{"rendered":"<p> <script async src=\"https:\/\/pagead2.googlesyndication.com\/pagead\/js\/adsbygoogle.js?client=ca-pub-8864793242727901\"\r\n     crossorigin=\"anonymous\"><\/script><br \/>\n<\/p>\n<div id=\"taboola-read-more\" style=\"display:block; width:100%\">\n<p>O governo cubano anunciou, nesta quinta-feira (13), a paralisa\u00e7\u00e3o tempor\u00e1ria de atividades escolares e profissionais que n\u00e3o sejam consideradas essenciais, como medida para enfrentar a crise energ\u00e9tica que afeta o pa\u00eds.\n<\/p>\n<p>A decis\u00e3o foi comunicada pela ministra do Trabalho e Previd\u00eancia Social, Marta Elena Feito Cabrera, que justificou a medida como uma forma de reduzir o consumo de eletricidade e minimizar os impactos sobre a popula\u00e7\u00e3o.<\/p>\n<p>De acordo com a ministra, a suspens\u00e3o ocorrer\u00e1 nos dias 14 e 15 de fevereiro, tendo em vista a delicada situa\u00e7\u00e3o energ\u00e9tica vivida pela ilha. A Uni\u00e3o El\u00e9trica Cubana (UNE), estatal respons\u00e1vel pelo setor, alertou que a sexta-feira (14) ser\u00e1 \u201cum dia complicado\u201d, mas projeta uma poss\u00edvel melhora na presta\u00e7\u00e3o do servi\u00e7o nos pr\u00f3ximos dias.\n<\/p>\n<p>Cuba j\u00e1 enfrentou diversos problemas severos com o fornecimento de energia nos \u00faltimos meses. Em dezembro de 2024, um colapso no Sistema El\u00e9trico Nacional (SEN) causou um apag\u00e3o em larga escala, deixando milh\u00f5es de cubanos sem eletricidade. O pa\u00eds tamb\u00e9m registrou duas grandes falhas no fornecimento em outubro do mesmo ano.\n<\/p>\n<p>A precariedade do sistema el\u00e9trico cubano n\u00e3o \u00e9 recente. A infraestrutura, deteriorada por anos de falta de manuten\u00e7\u00e3o, tem apresentado falhas frequentes desde a d\u00e9cada de 1990.\n<\/p>\n<p>Como de costume, o governo atribui a crise \u00e0s san\u00e7\u00f5es econ\u00f4micas impostas pelos Estados Unidos. Em declara\u00e7\u00f5es anteriores, o ditador Miguel D\u00edaz-Canel classificou os apag\u00f5es como mais uma consequ\u00eancia do embargo norte-americano.\n<\/p>\n<p>Fonte: Conex\u00e3o Pol\u00edtica              <\/p>\n<\/div>\n<p><br \/>\n<br \/><a href=\"https:\/\/diariodobrasilnoticias.com.br\/noticia\/cuba-suspende-atividades-nao-essenciais-e-mais-da-metade-do-pais-fica-sem-energia-67af90658e3b3\">Source link <\/a><\/p>","protected":false},"excerpt":{"rendered":"<p>O governo cubano anunciou, nesta quinta-feira (13), a paralisa\u00e7\u00e3o tempor\u00e1ria de atividades escolares e profissionais que n\u00e3o sejam consideradas essenciais, como medida para enfrentar a crise energ\u00e9tica que afeta o&hellip;<\/p>","protected":false},"author":1,"featured_media":102918,"comment_status":"closed","ping_status":"open","sticky":false,"template":"","format":"standard","meta":{"content-type":"","footnotes":""},"categories":[16],"tags":[123,2448,5313,1267],"class_list":["post-102917","post","type-post","status-publish","format-standard","has-post-thumbnail","hentry","category-noticias","tag-brasil","tag-diario","tag-noticia","tag-noticias"],"_links":{"self":[{"href":"https:\/\/tvbrazilusa.com\/pt\/wp-json\/wp\/v2\/posts\/102917","targetHints":{"allow":["GET"]}}],"collection":[{"href":"https:\/\/tvbrazilusa.com\/pt\/wp-json\/wp\/v2\/posts"}],"about":[{"href":"https:\/\/tvbrazilusa.com\/pt\/wp-json\/wp\/v2\/types\/post"}],"author":[{"embeddable":true,"href":"https:\/\/tvbrazilusa.com\/pt\/wp-json\/wp\/v2\/users\/1"}],"replies":[{"embeddable":true,"href":"https:\/\/tvbrazilusa.com\/pt\/wp-json\/wp\/v2\/comments?post=102917"}],"version-history":[{"count":1,"href":"https:\/\/tvbrazilusa.com\/pt\/wp-json\/wp\/v2\/posts\/102917\/revisions"}],"predecessor-version":[{"id":102919,"href":"https:\/\/tvbrazilusa.com\/pt\/wp-json\/wp\/v2\/posts\/102917\/revisions\/102919"}],"wp:featuredmedia":[{"embeddable":true,"href":"https:\/\/tvbrazilusa.com\/pt\/wp-json\/wp\/v2\/media\/102918"}],"wp:attachment":[{"href":"https:\/\/tvbrazilusa.com\/pt\/wp-json\/wp\/v2\/media?parent=102917"}],"wp:term":[{"taxonomy":"category","embeddable":true,"href":"https:\/\/tvbrazilusa.com\/pt\/wp-json\/wp\/v2\/categories?post=102917"},{"taxonomy":"post_tag","embeddable":true,"href":"https:\/\/tvbrazilusa.com\/pt\/wp-json\/wp\/v2\/tags?post=102917"}],"curies":[{"name":"wp","href":"https:\/\/api.w.org\/{rel}","templated":true}]}}