{"id":102923,"date":"2025-02-14T22:30:37","date_gmt":"2025-02-14T22:30:37","guid":{"rendered":"https:\/\/tvbrazilusa.com\/2025\/02\/14\/mae-e-suspeita-de-jogar-bebe-na-privada-e-tentar-dar-descarga-em-upa\/"},"modified":"2025-02-14T22:30:41","modified_gmt":"2025-02-14T22:30:41","slug":"mae-e-suspeita-de-jogar-bebe-na-privada-e-tentar-dar-descarga-em-upa","status":"publish","type":"post","link":"https:\/\/tvbrazilusa.com\/pt\/2025\/02\/14\/mae-e-suspeita-de-jogar-bebe-na-privada-e-tentar-dar-descarga-em-upa\/","title":{"rendered":"M\u00e3e \u00e9 suspeita de jogar beb\u00ea na privada e tentar dar descarga em UPA"},"content":{"rendered":"<p> <script async src=\"https:\/\/pagead2.googlesyndication.com\/pagead\/js\/adsbygoogle.js?client=ca-pub-8864793242727901\"\r\n     crossorigin=\"anonymous\"><\/script><br \/>\n<\/p>\n<div id=\"taboola-read-more\" style=\"display:block; width:100%\">\n<p>Uma jovem de 19 anos tentou dar descarga no pr\u00f3prio beb\u00ea ap\u00f3s dar \u00e0 luz no banheiro da UPA do Alto Maracan\u00e3, em Colombo, na Regi\u00e3o Metropolitana de Curitiba, na noite desta quarta-feira (13). A m\u00e3e admitiu que n\u00e3o sabia estar gr\u00e1vida e, ap\u00f3s o nascimento, afirmou ter tentado dar descarga no rec\u00e9m-nascido, que pesava cerca de 3 kg.\n<\/p>\n<p>Ap\u00f3s n\u00e3o conseguir, enrolou o beb\u00ea em papel higi\u00eanico e o descartou na lixeira da unidade. O beb\u00ea foi resgatado por uma enfermeira e passa bem. A m\u00e3e, que est\u00e1 internada, ser\u00e1 encaminhada \u00e0 delegacia assim que receber alta. A Pol\u00edcia Civil investiga o caso como poss\u00edvel infantic\u00eddio.<\/p>\n<p>Fonte: Ricmais              <\/p>\n<\/div>\n<p><br \/>\n<br \/><a href=\"https:\/\/diariodobrasilnoticias.com.br\/noticia\/mae-e-suspeita-de-jogar-bebe-na-privada-e-tentar-dar-descarga-em-upa-67afa481ead65\">Source link <\/a><\/p>","protected":false},"excerpt":{"rendered":"<p>Uma jovem de 19 anos tentou dar descarga no pr\u00f3prio beb\u00ea ap\u00f3s dar \u00e0 luz no banheiro da UPA do Alto Maracan\u00e3, em Colombo, na Regi\u00e3o Metropolitana de Curitiba, na&hellip;<\/p>","protected":false},"author":1,"featured_media":102924,"comment_status":"closed","ping_status":"open","sticky":false,"template":"","format":"standard","meta":{"content-type":"","footnotes":""},"categories":[16],"tags":[123,2448,5313,1267],"class_list":["post-102923","post","type-post","status-publish","format-standard","has-post-thumbnail","hentry","category-noticias","tag-brasil","tag-diario","tag-noticia","tag-noticias"],"_links":{"self":[{"href":"https:\/\/tvbrazilusa.com\/pt\/wp-json\/wp\/v2\/posts\/102923","targetHints":{"allow":["GET"]}}],"collection":[{"href":"https:\/\/tvbrazilusa.com\/pt\/wp-json\/wp\/v2\/posts"}],"about":[{"href":"https:\/\/tvbrazilusa.com\/pt\/wp-json\/wp\/v2\/types\/post"}],"author":[{"embeddable":true,"href":"https:\/\/tvbrazilusa.com\/pt\/wp-json\/wp\/v2\/users\/1"}],"replies":[{"embeddable":true,"href":"https:\/\/tvbrazilusa.com\/pt\/wp-json\/wp\/v2\/comments?post=102923"}],"version-history":[{"count":1,"href":"https:\/\/tvbrazilusa.com\/pt\/wp-json\/wp\/v2\/posts\/102923\/revisions"}],"predecessor-version":[{"id":102925,"href":"https:\/\/tvbrazilusa.com\/pt\/wp-json\/wp\/v2\/posts\/102923\/revisions\/102925"}],"wp:featuredmedia":[{"embeddable":true,"href":"https:\/\/tvbrazilusa.com\/pt\/wp-json\/wp\/v2\/media\/102924"}],"wp:attachment":[{"href":"https:\/\/tvbrazilusa.com\/pt\/wp-json\/wp\/v2\/media?parent=102923"}],"wp:term":[{"taxonomy":"category","embeddable":true,"href":"https:\/\/tvbrazilusa.com\/pt\/wp-json\/wp\/v2\/categories?post=102923"},{"taxonomy":"post_tag","embeddable":true,"href":"https:\/\/tvbrazilusa.com\/pt\/wp-json\/wp\/v2\/tags?post=102923"}],"curies":[{"name":"wp","href":"https:\/\/api.w.org\/{rel}","templated":true}]}}