{"id":102926,"date":"2025-02-14T22:42:15","date_gmt":"2025-02-14T22:42:15","guid":{"rendered":"https:\/\/tvbrazilusa.com\/2025\/02\/14\/e-a-primeira-vez-que-a-populacao-esta-dizendo-com-todas-as-letras-o-lula-esta-traindo-os-mais-pobres-comenta-octavio-guedes-sobre-aprovacao-de-24-do-governo\/"},"modified":"2025-02-14T22:42:17","modified_gmt":"2025-02-14T22:42:17","slug":"e-a-primeira-vez-que-a-populacao-esta-dizendo-com-todas-as-letras-o-lula-esta-traindo-os-mais-pobres-comenta-octavio-guedes-sobre-aprovacao-de-24-do-governo","status":"publish","type":"post","link":"https:\/\/tvbrazilusa.com\/pt\/2025\/02\/14\/e-a-primeira-vez-que-a-populacao-esta-dizendo-com-todas-as-letras-o-lula-esta-traindo-os-mais-pobres-comenta-octavio-guedes-sobre-aprovacao-de-24-do-governo\/","title":{"rendered":"&#8216;\u00c9 a primeira vez que a popula\u00e7\u00e3o est\u00e1 dizendo com todas as letras: o Lula est\u00e1 traindo os mais pobres&#8217;, comenta Octavio Guedes , sobre aprova\u00e7\u00e3o de 24% do governo"},"content":{"rendered":"<p> <script async src=\"https:\/\/pagead2.googlesyndication.com\/pagead\/js\/adsbygoogle.js?client=ca-pub-8864793242727901\"\r\n     crossorigin=\"anonymous\"><\/script><br \/>\n<\/p>\n<div id=\"taboola-read-more\" style=\"display:block; width:100%\">\n<p>\u201cDomingo passado, Lula estava dando banho em dois jabutis na cachoeira do Pal\u00e1cio [do Planalto]. Ent\u00e3o isso refor\u00e7a o qu\u00ea? A imagem do presidente preocupado com os pobres ou preocupado com dois pets no pal\u00e1cio?\u201d\n<\/p>\n<p>Octavio Guedes, ao comentar sobre a aprova\u00e7\u00e3o de apenas 24% do governo Lula, declarou: &#8220;\u00c9 a primeira vez que a popula\u00e7\u00e3o est\u00e1 dizendo com todas as letras: o Lula est\u00e1 traindo os mais pobres&#8221;. Esta declara\u00e7\u00e3o reflete uma insatisfa\u00e7\u00e3o crescente entre os brasileiros que acreditam que as pol\u00edticas atuais n\u00e3o est\u00e3o beneficiando os segmentos mais vulner\u00e1veis da sociedade, levantando questionamentos sobre as prioridades e efetividade das a\u00e7\u00f5es do governo.<\/p>\n<p><strong>ASSISTA:<\/strong>\n<\/p>\n<p>Fonte: Globo News              <\/p>\n<\/div>\n<p><br \/>\n<br \/><a href=\"https:\/\/diariodobrasilnoticias.com.br\/noticia\/-e-a-primeira-vez-que-a-populacao-esta-dizendo-com-todas-as-letras-o-lula-esta-traindo-os-mais-pobres-comenta-octavio-guedes-sobre-aprovacao-de-24-do-governo-67afacac698b0\">Source link <\/a><\/p>","protected":false},"excerpt":{"rendered":"<p>\u201cDomingo passado, Lula estava dando banho em dois jabutis na cachoeira do Pal\u00e1cio [do Planalto]. Ent\u00e3o isso refor\u00e7a o qu\u00ea? A imagem do presidente preocupado com os pobres ou preocupado&hellip;<\/p>","protected":false},"author":1,"featured_media":102927,"comment_status":"closed","ping_status":"open","sticky":false,"template":"","format":"standard","meta":{"content-type":"","footnotes":""},"categories":[16],"tags":[123,2448,5313,1267],"class_list":["post-102926","post","type-post","status-publish","format-standard","has-post-thumbnail","hentry","category-noticias","tag-brasil","tag-diario","tag-noticia","tag-noticias"],"_links":{"self":[{"href":"https:\/\/tvbrazilusa.com\/pt\/wp-json\/wp\/v2\/posts\/102926","targetHints":{"allow":["GET"]}}],"collection":[{"href":"https:\/\/tvbrazilusa.com\/pt\/wp-json\/wp\/v2\/posts"}],"about":[{"href":"https:\/\/tvbrazilusa.com\/pt\/wp-json\/wp\/v2\/types\/post"}],"author":[{"embeddable":true,"href":"https:\/\/tvbrazilusa.com\/pt\/wp-json\/wp\/v2\/users\/1"}],"replies":[{"embeddable":true,"href":"https:\/\/tvbrazilusa.com\/pt\/wp-json\/wp\/v2\/comments?post=102926"}],"version-history":[{"count":1,"href":"https:\/\/tvbrazilusa.com\/pt\/wp-json\/wp\/v2\/posts\/102926\/revisions"}],"predecessor-version":[{"id":102928,"href":"https:\/\/tvbrazilusa.com\/pt\/wp-json\/wp\/v2\/posts\/102926\/revisions\/102928"}],"wp:featuredmedia":[{"embeddable":true,"href":"https:\/\/tvbrazilusa.com\/pt\/wp-json\/wp\/v2\/media\/102927"}],"wp:attachment":[{"href":"https:\/\/tvbrazilusa.com\/pt\/wp-json\/wp\/v2\/media?parent=102926"}],"wp:term":[{"taxonomy":"category","embeddable":true,"href":"https:\/\/tvbrazilusa.com\/pt\/wp-json\/wp\/v2\/categories?post=102926"},{"taxonomy":"post_tag","embeddable":true,"href":"https:\/\/tvbrazilusa.com\/pt\/wp-json\/wp\/v2\/tags?post=102926"}],"curies":[{"name":"wp","href":"https:\/\/api.w.org\/{rel}","templated":true}]}}