{"id":102934,"date":"2025-02-14T22:56:38","date_gmt":"2025-02-14T22:56:38","guid":{"rendered":"https:\/\/tvbrazilusa.com\/2025\/02\/14\/se-eu-estiver-legal-e-achar-que-posso-ser-candidato-eu-posso-ser-diz-lula-sobre-2026\/"},"modified":"2025-02-14T22:56:39","modified_gmt":"2025-02-14T22:56:39","slug":"se-eu-estiver-legal-e-achar-que-posso-ser-candidato-eu-posso-ser-diz-lula-sobre-2026","status":"publish","type":"post","link":"https:\/\/tvbrazilusa.com\/pt\/2025\/02\/14\/se-eu-estiver-legal-e-achar-que-posso-ser-candidato-eu-posso-ser-diz-lula-sobre-2026\/","title":{"rendered":"&#8216;Se eu estiver legal e achar que posso ser candidato, eu posso ser&#8217;, diz Lula sobre 2026"},"content":{"rendered":"<p> <script async src=\"https:\/\/pagead2.googlesyndication.com\/pagead\/js\/adsbygoogle.js?client=ca-pub-8864793242727901\"\r\n     crossorigin=\"anonymous\"><\/script><br \/>\n<\/p>\n<div id=\"taboola-read-more\" style=\"display:block; width:100%\">\n<p>O presidente Luiz In\u00e1cio Lula da Silva admitiu, nesta sexta-feira (14), a possibilidade de disputar a reelei\u00e7\u00e3o em 2026, mas condicionou a decis\u00e3o \u00e0 sua sa\u00fade. O petista, que tem 79 anos, disse: &#8220;se eu estiver legal e achar que posso ser candidato, eu posso ser candidato&#8221;.\n<\/p>\n<p>\u2014 Se eu vou ser candidato ou n\u00e3o em 2026, tem uma discuss\u00e3o com muitos partidos pol\u00edticos, com a sociedade brasileira. Eu tenho 79 anos, tenho que ter consci\u00eancia comigo mesmo, n\u00e3o posso mentir para ningu\u00e9m, e muito menos pra mim \u2014 afirmou Lula em \u00e0 R\u00e1dio Clube do Par\u00e1.<\/p>\n<p>Apesar da declara\u00e7\u00e3o, o presidente ponderou ser &#8220;muito cedo&#8221; para falar sobre o pr\u00f3ximo pleito eleitoral.\n<\/p>\n<p>\u2014 Se eu estiver com 100% de sa\u00fade, se eu tiver com a energia que eu tenho hoje, inclusive de cabe\u00e7a limpa. Sabe por qu\u00ea? Eu ca\u00ed um tombo em outubro de 2024, machuquei a cabe\u00e7a, e eu fiz um tratamento, limpei a cabe\u00e7a. Tirei tudo o que era bobagem que tinha na cabe\u00e7a, s\u00f3 ficou coisa boa agora e pensamento positivo. Ent\u00e3o, \u00e9 esse pa\u00eds que a gente vai discutir em 2026. Se eu estiver legal e achar que posso ser candidato, eu posso ser candidato, mas n\u00e3o \u00e9 minha prioridade agora \u2014 completou.\n<\/p>\n<p>Fonte: GZH              <\/p>\n<\/div>\n<p><br \/>\n<br \/><a href=\"https:\/\/diariodobrasilnoticias.com.br\/noticia\/-se-eu-estiver-legal-e-achar-que-posso-ser-candidato-eu-posso-ser-diz-lula-sobre-2026-67afa6420a355\">Source link <\/a><\/p>","protected":false},"excerpt":{"rendered":"<p>O presidente Luiz In\u00e1cio Lula da Silva admitiu, nesta sexta-feira (14), a possibilidade de disputar a reelei\u00e7\u00e3o em 2026, mas condicionou a decis\u00e3o \u00e0 sua sa\u00fade. O petista, que tem&hellip;<\/p>","protected":false},"author":1,"featured_media":102935,"comment_status":"closed","ping_status":"open","sticky":false,"template":"","format":"standard","meta":{"content-type":"","footnotes":""},"categories":[16],"tags":[123,2448,5313,1267],"class_list":["post-102934","post","type-post","status-publish","format-standard","has-post-thumbnail","hentry","category-noticias","tag-brasil","tag-diario","tag-noticia","tag-noticias"],"_links":{"self":[{"href":"https:\/\/tvbrazilusa.com\/pt\/wp-json\/wp\/v2\/posts\/102934","targetHints":{"allow":["GET"]}}],"collection":[{"href":"https:\/\/tvbrazilusa.com\/pt\/wp-json\/wp\/v2\/posts"}],"about":[{"href":"https:\/\/tvbrazilusa.com\/pt\/wp-json\/wp\/v2\/types\/post"}],"author":[{"embeddable":true,"href":"https:\/\/tvbrazilusa.com\/pt\/wp-json\/wp\/v2\/users\/1"}],"replies":[{"embeddable":true,"href":"https:\/\/tvbrazilusa.com\/pt\/wp-json\/wp\/v2\/comments?post=102934"}],"version-history":[{"count":1,"href":"https:\/\/tvbrazilusa.com\/pt\/wp-json\/wp\/v2\/posts\/102934\/revisions"}],"predecessor-version":[{"id":102936,"href":"https:\/\/tvbrazilusa.com\/pt\/wp-json\/wp\/v2\/posts\/102934\/revisions\/102936"}],"wp:featuredmedia":[{"embeddable":true,"href":"https:\/\/tvbrazilusa.com\/pt\/wp-json\/wp\/v2\/media\/102935"}],"wp:attachment":[{"href":"https:\/\/tvbrazilusa.com\/pt\/wp-json\/wp\/v2\/media?parent=102934"}],"wp:term":[{"taxonomy":"category","embeddable":true,"href":"https:\/\/tvbrazilusa.com\/pt\/wp-json\/wp\/v2\/categories?post=102934"},{"taxonomy":"post_tag","embeddable":true,"href":"https:\/\/tvbrazilusa.com\/pt\/wp-json\/wp\/v2\/tags?post=102934"}],"curies":[{"name":"wp","href":"https:\/\/api.w.org\/{rel}","templated":true}]}}