{"id":102993,"date":"2025-02-15T01:15:13","date_gmt":"2025-02-15T01:15:13","guid":{"rendered":"https:\/\/tvbrazilusa.com\/2025\/02\/15\/agora-stf-reage-a-denuncias-de-bolsonaro-contra-moraes-a-oea\/"},"modified":"2025-02-15T01:15:14","modified_gmt":"2025-02-15T01:15:14","slug":"agora-stf-reage-a-denuncias-de-bolsonaro-contra-moraes-a-oea","status":"publish","type":"post","link":"https:\/\/tvbrazilusa.com\/pt\/2025\/02\/15\/agora-stf-reage-a-denuncias-de-bolsonaro-contra-moraes-a-oea\/","title":{"rendered":"AGORA: STF reage a den\u00fancias de Bolsonaro contra Moraes \u00e0 OEA"},"content":{"rendered":"<p> <script async src=\"https:\/\/pagead2.googlesyndication.com\/pagead\/js\/adsbygoogle.js?client=ca-pub-8864793242727901\"\r\n     crossorigin=\"anonymous\"><\/script><br \/>\n<\/p>\n<div id=\"taboola-read-more\" style=\"display:block; width:100%\">\n<p>Ministros do STF reagiram, nos bastidores, \u00e0s den\u00fancias contra o colega Alexandre de Moraes feita pelo ex-presidente Jair Bolsonaro (PL) \u00e0 Organiza\u00e7\u00e3o dos Estados Americanos (OEA).\n<\/p>\n<p>Conforme noticiou o Metr\u00f3poles, na coluna Paulo Cappelli, Bolsonaro denunciou supostas irregularidades cometidas por Moraes durante um encontro com uma comitiva da OEA na quinta-feira (13\/2), em Bras\u00edlia.<\/p>\n<p>A comitiva era liderada pelo advogado colombiano Pedro Vaca Villarreal, relator especial para a Liberdade de Express\u00e3o da Comiss\u00e3o Interamericana de Direitos Humanos (CIDH). O colegiado faz parte da OEA.\n<\/p>\n<p>Segundo a reportagem, Bolsonaro afirmou que Moraes ajustaria depoimentos, faria pesca probat\u00f3ria e prenderia suspeitos sem que haja den\u00fancia formalizada. O ex-presidente disse ainda ser alvo de \u201cpersegui\u00e7\u00e3o pol\u00edtica\u201d.\n<\/p>\n<p>Aliados de Bolsonaro tamb\u00e9m criticam<br \/>A conversa com a comitiva da OEA tamb\u00e9m foi criticada por alguns aliados pol\u00edticos e at\u00e9 por advogados ligados a Bolsonaro. A avalia\u00e7\u00e3o \u00e9 de que os ataques a Moraes neste momento s\u00f3 atrapalham o ex-presidente na esfera jur\u00eddica.\n<\/p>\n<p>Como noticiou a coluna mais cedo, o procurador-geral da Rep\u00fablica, Paulo Gonet, deve denunciar Bolsonaro, nos pr\u00f3ximos dias, em alguns inqu\u00e9ritos nos quais o ex-presidente foi indicado pela Pol\u00edcia Federal.\n<\/p>\n<p>Na avalia\u00e7\u00e3o do entorno pol\u00edtico de Bolsonaro, o ex-presidente deveria ter deixado apenas seus aliados \u201cdenunciarem\u201d Moraes para a OEA, sem se envolver pessoalmente na articula\u00e7\u00e3o.\n<\/p>\n<p>O encontro de Bolsonaro com Pedro Vaca foi intermediado pelo advogado Paulo Cunha Bueno, que atua na defesa do ex-presidente nos principais processos dos quais o ex-mandat\u00e1rio \u00e9 alvo no Supremo.\n<\/p>\n<p>Fonte: Metr\u00f3poles              <\/p>\n<\/div>\n<p><br \/>\n<br \/><a href=\"https:\/\/diariodobrasilnoticias.com.br\/noticia\/agora-stf-reage-a-denuncias-de-bolsonaro-contra-moraes-a-oea-67afcbcd7a6fa\">Source link <\/a><\/p>","protected":false},"excerpt":{"rendered":"<p>Ministros do STF reagiram, nos bastidores, \u00e0s den\u00fancias contra o colega Alexandre de Moraes feita pelo ex-presidente Jair Bolsonaro (PL) \u00e0 Organiza\u00e7\u00e3o dos Estados Americanos (OEA). Conforme noticiou o Metr\u00f3poles,&hellip;<\/p>","protected":false},"author":1,"featured_media":102994,"comment_status":"closed","ping_status":"open","sticky":false,"template":"","format":"standard","meta":{"content-type":"","footnotes":""},"categories":[16],"tags":[123,2448,5313,1267],"class_list":["post-102993","post","type-post","status-publish","format-standard","has-post-thumbnail","hentry","category-noticias","tag-brasil","tag-diario","tag-noticia","tag-noticias"],"_links":{"self":[{"href":"https:\/\/tvbrazilusa.com\/pt\/wp-json\/wp\/v2\/posts\/102993","targetHints":{"allow":["GET"]}}],"collection":[{"href":"https:\/\/tvbrazilusa.com\/pt\/wp-json\/wp\/v2\/posts"}],"about":[{"href":"https:\/\/tvbrazilusa.com\/pt\/wp-json\/wp\/v2\/types\/post"}],"author":[{"embeddable":true,"href":"https:\/\/tvbrazilusa.com\/pt\/wp-json\/wp\/v2\/users\/1"}],"replies":[{"embeddable":true,"href":"https:\/\/tvbrazilusa.com\/pt\/wp-json\/wp\/v2\/comments?post=102993"}],"version-history":[{"count":1,"href":"https:\/\/tvbrazilusa.com\/pt\/wp-json\/wp\/v2\/posts\/102993\/revisions"}],"predecessor-version":[{"id":102995,"href":"https:\/\/tvbrazilusa.com\/pt\/wp-json\/wp\/v2\/posts\/102993\/revisions\/102995"}],"wp:featuredmedia":[{"embeddable":true,"href":"https:\/\/tvbrazilusa.com\/pt\/wp-json\/wp\/v2\/media\/102994"}],"wp:attachment":[{"href":"https:\/\/tvbrazilusa.com\/pt\/wp-json\/wp\/v2\/media?parent=102993"}],"wp:term":[{"taxonomy":"category","embeddable":true,"href":"https:\/\/tvbrazilusa.com\/pt\/wp-json\/wp\/v2\/categories?post=102993"},{"taxonomy":"post_tag","embeddable":true,"href":"https:\/\/tvbrazilusa.com\/pt\/wp-json\/wp\/v2\/tags?post=102993"}],"curies":[{"name":"wp","href":"https:\/\/api.w.org\/{rel}","templated":true}]}}