{"id":102998,"date":"2025-02-15T01:26:27","date_gmt":"2025-02-15T01:26:27","guid":{"rendered":"https:\/\/tvbrazilusa.com\/2025\/02\/15\/ricardo-nunes-defende-que-bolsonaro-seja-elegivel-voto-e-faco-campanha\/"},"modified":"2025-02-15T01:26:28","modified_gmt":"2025-02-15T01:26:28","slug":"ricardo-nunes-defende-que-bolsonaro-seja-elegivel-voto-e-faco-campanha","status":"publish","type":"post","link":"https:\/\/tvbrazilusa.com\/pt\/2025\/02\/15\/ricardo-nunes-defende-que-bolsonaro-seja-elegivel-voto-e-faco-campanha\/","title":{"rendered":"Ricardo Nunes defende que Bolsonaro seja eleg\u00edvel: &#8216;Voto e fa\u00e7o campanha&#8217;"},"content":{"rendered":"<p> <script async src=\"https:\/\/pagead2.googlesyndication.com\/pagead\/js\/adsbygoogle.js?client=ca-pub-8864793242727901\"\r\n     crossorigin=\"anonymous\"><\/script><br \/>\n<\/p>\n<div id=\"taboola-read-more\" style=\"display:block; width:100%\">\n<p>Nesta sexta-feira 14, o prefeito de S\u00e3o Paulo, Ricardo Nunes, do MDB, manifestou apoio \u00e0 potencial elegibilidade do ex-presidente Jair Bolsonaro (PL) para as elei\u00e7\u00f5es presidenciais de 2026.\n<\/p>\n<p>Durante a inaugura\u00e7\u00e3o de um parque na zona sul de S\u00e3o Paulo, Nunes expressou que, segundo pesquisas, a puni\u00e7\u00e3o de Bolsonaro parece mais severa do que o necess\u00e1rio.<\/p>\n<p>\u201cAt\u00e9 pela forma que [Bolsonaro] tem aparecido nas pesquisas e a discuss\u00e3o que existe sobre a quest\u00e3o da a\u00e7\u00e3o judicial, que evidentemente precisa ser respeitada, me parece uma pena um pouco mais elevada daquilo que poderia ser\u201d, afirmou o prefeito.\n<\/p>\n<p>Ricardo Nunes declarou que, se Bolsonaro puder concorrer, ele n\u00e3o s\u00f3 votaria, mas tamb\u00e9m faria campanha contra o atual presidente, Luiz In\u00e1cio Lula da Silva (PT).\n<\/p>\n<p>\u201cA\u00ed a gente vai ver o que era o governo dele e o que \u00e9 o governo atual. E a popula\u00e7\u00e3o vai decidir o que \u00e9 melhor para ela. Se ele for candidato, apoio e voto. Contra o Lula? Fa\u00e7o campanha para ele [Bolsonaro]\u201d, destacou o prefeito.\n<\/p>\n<p><strong>A proposta que pode beneficiar Bolsonaro<\/strong>\n<\/p>\n<p>A declara\u00e7\u00e3o de Nunes foi feita enquanto ele comentava um projeto de lei que prop\u00f5e reduzir o tempo de inelegibilidade da Lei da Ficha Limpa. A proposta foi apresentada pelo deputado federal Bibo Nunes, do PL-RS.\n<\/p>\n<p>A proposta de Bibo Nunes est\u00e1 em an\u00e1lise na Comiss\u00e3o de Constitui\u00e7\u00e3o e Justi\u00e7a da C\u00e2mara dos Deputados. O objetivo \u00e9 reverter a inelegibilidade do ex-presidente.\n<\/p>\n<p>O projeto sugere reduzir de oito para dois anos o prazo de inelegibilidade em casos de condena\u00e7\u00e3o por abuso de poder pol\u00edtico ou econ\u00f4mico e uso indevido dos meios de comunica\u00e7\u00e3o.\n<\/p>\n<p>STF teria de romper precedente para barrar benef\u00edcio ao ex-presidente<br \/>Se o Congresso Nacional aprovar uma mudan\u00e7a na Lei da Ficha Limpa para reduzir o per\u00edodo de inelegibilidade de oito para dois anos, o Supremo Tribunal Federal (STF) enfrentar\u00e1 um dilema. Para impedir que Bolsonaro se beneficie da nova regra, a Corte precisaria contrariar sua pr\u00f3pria decis\u00e3o anterior.\n<\/p>\n<p>Caso o projeto seja aprovado, surgir\u00e1 um debate sobre a possibilidade de aplica\u00e7\u00e3o retroativa da nova norma a processos julgados sob a legisla\u00e7\u00e3o anterior. O STF pode evitar essa discuss\u00e3o se, antes, declarar a inconstitucionalidade da eventual mudan\u00e7a na lei.\n<\/p>\n<p>Em 2017, o tribunal considerou constitucional a aplica\u00e7\u00e3o retroativa da Ficha Limpa, mesmo para condena\u00e7\u00f5es ocorridas antes de sua vig\u00eancia. Naquele julgamento, a decis\u00e3o foi apertada: 6 votos foram a favor e 5, contra.\n<\/p>\n<p>Fonte: Revista Oeste              <\/p>\n<\/div>\n<p><br \/>\n<br \/><a href=\"https:\/\/diariodobrasilnoticias.com.br\/noticia\/ricardo-nunes-defende-que-bolsonaro-seja-elegivel-voto-e-faco-campanha-67afc3d53ca6d\">Source link <\/a><\/p>","protected":false},"excerpt":{"rendered":"<p>Nesta sexta-feira 14, o prefeito de S\u00e3o Paulo, Ricardo Nunes, do MDB, manifestou apoio \u00e0 potencial elegibilidade do ex-presidente Jair Bolsonaro (PL) para as elei\u00e7\u00f5es presidenciais de 2026. Durante a&hellip;<\/p>","protected":false},"author":1,"featured_media":102999,"comment_status":"closed","ping_status":"open","sticky":false,"template":"","format":"standard","meta":{"content-type":"","footnotes":""},"categories":[16],"tags":[123,2448,5313,1267],"class_list":["post-102998","post","type-post","status-publish","format-standard","has-post-thumbnail","hentry","category-noticias","tag-brasil","tag-diario","tag-noticia","tag-noticias"],"_links":{"self":[{"href":"https:\/\/tvbrazilusa.com\/pt\/wp-json\/wp\/v2\/posts\/102998","targetHints":{"allow":["GET"]}}],"collection":[{"href":"https:\/\/tvbrazilusa.com\/pt\/wp-json\/wp\/v2\/posts"}],"about":[{"href":"https:\/\/tvbrazilusa.com\/pt\/wp-json\/wp\/v2\/types\/post"}],"author":[{"embeddable":true,"href":"https:\/\/tvbrazilusa.com\/pt\/wp-json\/wp\/v2\/users\/1"}],"replies":[{"embeddable":true,"href":"https:\/\/tvbrazilusa.com\/pt\/wp-json\/wp\/v2\/comments?post=102998"}],"version-history":[{"count":1,"href":"https:\/\/tvbrazilusa.com\/pt\/wp-json\/wp\/v2\/posts\/102998\/revisions"}],"predecessor-version":[{"id":103000,"href":"https:\/\/tvbrazilusa.com\/pt\/wp-json\/wp\/v2\/posts\/102998\/revisions\/103000"}],"wp:featuredmedia":[{"embeddable":true,"href":"https:\/\/tvbrazilusa.com\/pt\/wp-json\/wp\/v2\/media\/102999"}],"wp:attachment":[{"href":"https:\/\/tvbrazilusa.com\/pt\/wp-json\/wp\/v2\/media?parent=102998"}],"wp:term":[{"taxonomy":"category","embeddable":true,"href":"https:\/\/tvbrazilusa.com\/pt\/wp-json\/wp\/v2\/categories?post=102998"},{"taxonomy":"post_tag","embeddable":true,"href":"https:\/\/tvbrazilusa.com\/pt\/wp-json\/wp\/v2\/tags?post=102998"}],"curies":[{"name":"wp","href":"https:\/\/api.w.org\/{rel}","templated":true}]}}