{"id":103003,"date":"2025-02-15T01:37:41","date_gmt":"2025-02-15T01:37:41","guid":{"rendered":"https:\/\/tvbrazilusa.com\/2025\/02\/15\/agora-lula-ignora-queda-e-diz-querer-provar-que-seu-governo-e-melhor-que-outros\/"},"modified":"2025-02-15T01:37:42","modified_gmt":"2025-02-15T01:37:42","slug":"agora-lula-ignora-queda-e-diz-querer-provar-que-seu-governo-e-melhor-que-outros","status":"publish","type":"post","link":"https:\/\/tvbrazilusa.com\/pt\/2025\/02\/15\/agora-lula-ignora-queda-e-diz-querer-provar-que-seu-governo-e-melhor-que-outros\/","title":{"rendered":"AGORA: Lula ignora queda e diz querer provar que seu governo \u00e9 melhor que outros"},"content":{"rendered":"<p> <script async src=\"https:\/\/pagead2.googlesyndication.com\/pagead\/js\/adsbygoogle.js?client=ca-pub-8864793242727901\"\r\n     crossorigin=\"anonymous\"><\/script><br \/>\n<\/p>\n<div id=\"taboola-read-more\" style=\"display:block; width:100%\">\n<p>Em seu primeiro discurso ap\u00f3s a divulga\u00e7\u00e3o da pesquisa Datafolha, nesta sexta-feira (14), o presidente Luiz In\u00e1cio Lula da Silva (PT) afirmou que pretende provar que seu governo \u00e9 \u201cmelhor que os outros para governar\u201d o Brasil.\n<\/p>\n<p>A declara\u00e7\u00e3o foi feita durante o an\u00fancio de investimentos da Vale em Parauapebas, no Par\u00e1, poucas horas ap\u00f3s a publica\u00e7\u00e3o do estudo que apontou queda de 11 pontos percentuais no \u00edndice de aprova\u00e7\u00e3o do governo Lula, que chegou a 24%.<\/p>\n<p>\u201cN\u00f3s vamos derrotar a mentira. 2025 ser\u00e1 o ano da verdade neste pa\u00eds. Quero provar que somos melhores que os outros para governar este pa\u00eds\u201d, afirmou o presidente Lula.\n<\/p>\n<p>No discurso, o presidente n\u00e3o mencionou a pesquisa que mostra o menor \u00edndice de avalia\u00e7\u00e3o \u201c\u00f3tima\u201d ou \u201cboa\u201d em seus tr\u00eas mandatos (2003-2006, 2007-2010 e o atual).\n<\/p>\n<p>A \u00faltima pesquisa divulgada at\u00e9 ent\u00e3o, em dezembro do ano passado, apontava a aprova\u00e7\u00e3o do governo em 35% \u2014 ou seja: houve uma queda de 11 pontos percentuais. A margem de erro \u00e9 de dois pontos para mais ou para menos.\n<\/p>\n<p>O evento de Lula no Par\u00e1 contou com a participa\u00e7\u00e3o do governador do estado, Helder Barbalho (MDB), e de ministros como Alexandre Silveira (Minas e Energia), Rui Costa (Casa Civil), Alexandre Padilha (Rela\u00e7\u00f5es Institucionais) e Esther Dweck (Gest\u00e3o).\n<\/p>\n<p>Durante a agenda, Lula exaltou o crescimento do Produto Interno Bruto (PIB) do Brasil e afirmou que quer ver o pa\u00eds crescendo.\n<\/p>\n<p>\u201cQuero construir esse pa\u00eds em um pa\u00eds de trabalhadores bem remunerados, de empreendedores bem-sucedidos, e um pa\u00eds de classe m\u00e9dia. N\u00e3o pensem que o Lula gosta que as pessoas sejam pobres. Ningu\u00e9m gosta de ser pobre, ningu\u00e9m gosta de comer mal, ningu\u00e9m gosta de se vestir mal, ningu\u00e9m gosta de morar mal, todo mundo quer viver bem. \u00c9 esse o pa\u00eds que a gente tem que construir, e n\u00e3o fazer promessa eleitoral que a gente n\u00e3o cumpra\u201d, disse.\n<\/p>\n<p>Fonte: CNN Brasil              <\/p>\n<\/div>\n<p><br \/>\n<br \/><a href=\"https:\/\/diariodobrasilnoticias.com.br\/noticia\/agora-lula-ignora-queda-e-diz-querer-provar-que-seu-governo-e-melhor-que-outros-67afd159ec5ac\">Source link <\/a><\/p>","protected":false},"excerpt":{"rendered":"<p>Em seu primeiro discurso ap\u00f3s a divulga\u00e7\u00e3o da pesquisa Datafolha, nesta sexta-feira (14), o presidente Luiz In\u00e1cio Lula da Silva (PT) afirmou que pretende provar que seu governo \u00e9 \u201cmelhor&hellip;<\/p>","protected":false},"author":1,"featured_media":103004,"comment_status":"closed","ping_status":"open","sticky":false,"template":"","format":"standard","meta":{"content-type":"","footnotes":""},"categories":[16],"tags":[123,2448,5313,1267],"class_list":["post-103003","post","type-post","status-publish","format-standard","has-post-thumbnail","hentry","category-noticias","tag-brasil","tag-diario","tag-noticia","tag-noticias"],"_links":{"self":[{"href":"https:\/\/tvbrazilusa.com\/pt\/wp-json\/wp\/v2\/posts\/103003","targetHints":{"allow":["GET"]}}],"collection":[{"href":"https:\/\/tvbrazilusa.com\/pt\/wp-json\/wp\/v2\/posts"}],"about":[{"href":"https:\/\/tvbrazilusa.com\/pt\/wp-json\/wp\/v2\/types\/post"}],"author":[{"embeddable":true,"href":"https:\/\/tvbrazilusa.com\/pt\/wp-json\/wp\/v2\/users\/1"}],"replies":[{"embeddable":true,"href":"https:\/\/tvbrazilusa.com\/pt\/wp-json\/wp\/v2\/comments?post=103003"}],"version-history":[{"count":1,"href":"https:\/\/tvbrazilusa.com\/pt\/wp-json\/wp\/v2\/posts\/103003\/revisions"}],"predecessor-version":[{"id":103005,"href":"https:\/\/tvbrazilusa.com\/pt\/wp-json\/wp\/v2\/posts\/103003\/revisions\/103005"}],"wp:featuredmedia":[{"embeddable":true,"href":"https:\/\/tvbrazilusa.com\/pt\/wp-json\/wp\/v2\/media\/103004"}],"wp:attachment":[{"href":"https:\/\/tvbrazilusa.com\/pt\/wp-json\/wp\/v2\/media?parent=103003"}],"wp:term":[{"taxonomy":"category","embeddable":true,"href":"https:\/\/tvbrazilusa.com\/pt\/wp-json\/wp\/v2\/categories?post=103003"},{"taxonomy":"post_tag","embeddable":true,"href":"https:\/\/tvbrazilusa.com\/pt\/wp-json\/wp\/v2\/tags?post=103003"}],"curies":[{"name":"wp","href":"https:\/\/api.w.org\/{rel}","templated":true}]}}