{"id":103016,"date":"2025-02-15T02:02:26","date_gmt":"2025-02-15T02:02:26","guid":{"rendered":"https:\/\/tvbrazilusa.com\/2025\/02\/15\/aliados-de-lula-encaram-pesquisa-como-uma-bomba-atomica-para-o-governo\/"},"modified":"2025-02-15T02:02:28","modified_gmt":"2025-02-15T02:02:28","slug":"aliados-de-lula-encaram-pesquisa-como-uma-bomba-atomica-para-o-governo","status":"publish","type":"post","link":"https:\/\/tvbrazilusa.com\/pt\/2025\/02\/15\/aliados-de-lula-encaram-pesquisa-como-uma-bomba-atomica-para-o-governo\/","title":{"rendered":"Aliados de Lula encaram pesquisa como uma &#8216;bomba at\u00f4mica&#8217; para o governo"},"content":{"rendered":"<p> <script async src=\"https:\/\/pagead2.googlesyndication.com\/pagead\/js\/adsbygoogle.js?client=ca-pub-8864793242727901\"\r\n     crossorigin=\"anonymous\"><\/script><br \/>\n<\/p>\n<div id=\"taboola-read-more\" style=\"display:block; width:100%\">\n<p>A queda da aprova\u00e7\u00e3o do presidente Luiz In\u00e1cio Lula da Silva (PT), que perdeu 11 pontos percentuais de acordo com o Datafolha, pegou de surpresa os aliados do mandat\u00e1rio.\n<\/p>\n<p>Auxiliares de Lula dizem que a pesquisa caiu como uma \u201cbomba-at\u00f4mica\u201d dentro do governo. Entre os principais problemas identificados pelos integrantes do executivo est\u00e1 o aumento do pre\u00e7o dos alimentos, o aumento do d\u00f3lar e o impacto \u201cextremamente\u201d negativo da crise do Pix.<\/p>\n<p>Segundo fontes ouvidas pela CNN, a pesquisa, que foi realizada entre os dias 11 e 12 de fevereiro, ainda estaria refletindo as crises enfrentadas pelo governo no final do ano passado e no in\u00edcio deste ano e geram um cen\u00e1rio dif\u00edcil, mas que poderia ser \u201ccontornado\u201d.\n<\/p>\n<p>Outro ponto comentado \u00e9 que o governo enfrenta uma crise de comunica\u00e7\u00e3o e as mudan\u00e7as feitas por Lula na \u00e1rea, segundo esses aliados, s\u00e3o recentes e ainda n\u00e3o tiveram tempo para reverter esse cen\u00e1rio.\n<\/p>\n<p>Para reverter os n\u00fameros divulgados nessa sexta-feira, o governo deve apostar em an\u00fancios para a \u00e1rea social e na intensifica\u00e7\u00e3o de agendas com entregas do governo com a participa\u00e7\u00e3o do presidente.\n<\/p>\n<p>Pesquisa<br \/>O \u00edndice de aprova\u00e7\u00e3o caiu para 24%, segundo pesquisa Datafolha divulgada nesta sexta-feira (14). Em seus tr\u00eas mandatos (2003-2006, 2007-2010 e o atual), esse \u00e9 o menor \u00edndice de \u00f3timo ou bom do presidente.\n<\/p>\n<p>A \u00faltima pesquisa divulgada at\u00e9 ent\u00e3o, em dezembro do ano passado, apontava a aprova\u00e7\u00e3o do governo em 35%. A margem de erro \u00e9 de dois pontos para mais ou para menos.\n<\/p>\n<p>Os que acham o governo ruim ou p\u00e9ssimo s\u00e3o 41%. Em dezembro, era 34%. J\u00e1 a porcentagem de brasileiros que acham o governo regular oscilou, de 29% para 32%.\n<\/p>\n<p>Para o levantamento, o Datafolha ouviu 2.007 brasileiros em 113 cidades, entre segunda-feira (10) e ter\u00e7a-feira (11).\n<\/p>\n<p>Fonte: CNN Brasil              <\/p>\n<\/div>\n<p><br \/>\n<br \/><a href=\"https:\/\/diariodobrasilnoticias.com.br\/noticia\/aliados-de-lula-encaram-pesquisa-como-uma-bomba-atomica-para-o-governo-67afd2d013287\">Source link <\/a><\/p>","protected":false},"excerpt":{"rendered":"<p>A queda da aprova\u00e7\u00e3o do presidente Luiz In\u00e1cio Lula da Silva (PT), que perdeu 11 pontos percentuais de acordo com o Datafolha, pegou de surpresa os aliados do mandat\u00e1rio. Auxiliares&hellip;<\/p>","protected":false},"author":1,"featured_media":103017,"comment_status":"closed","ping_status":"open","sticky":false,"template":"","format":"standard","meta":{"content-type":"","footnotes":""},"categories":[16],"tags":[123,2448,5313,1267],"class_list":["post-103016","post","type-post","status-publish","format-standard","has-post-thumbnail","hentry","category-noticias","tag-brasil","tag-diario","tag-noticia","tag-noticias"],"_links":{"self":[{"href":"https:\/\/tvbrazilusa.com\/pt\/wp-json\/wp\/v2\/posts\/103016","targetHints":{"allow":["GET"]}}],"collection":[{"href":"https:\/\/tvbrazilusa.com\/pt\/wp-json\/wp\/v2\/posts"}],"about":[{"href":"https:\/\/tvbrazilusa.com\/pt\/wp-json\/wp\/v2\/types\/post"}],"author":[{"embeddable":true,"href":"https:\/\/tvbrazilusa.com\/pt\/wp-json\/wp\/v2\/users\/1"}],"replies":[{"embeddable":true,"href":"https:\/\/tvbrazilusa.com\/pt\/wp-json\/wp\/v2\/comments?post=103016"}],"version-history":[{"count":1,"href":"https:\/\/tvbrazilusa.com\/pt\/wp-json\/wp\/v2\/posts\/103016\/revisions"}],"predecessor-version":[{"id":103018,"href":"https:\/\/tvbrazilusa.com\/pt\/wp-json\/wp\/v2\/posts\/103016\/revisions\/103018"}],"wp:featuredmedia":[{"embeddable":true,"href":"https:\/\/tvbrazilusa.com\/pt\/wp-json\/wp\/v2\/media\/103017"}],"wp:attachment":[{"href":"https:\/\/tvbrazilusa.com\/pt\/wp-json\/wp\/v2\/media?parent=103016"}],"wp:term":[{"taxonomy":"category","embeddable":true,"href":"https:\/\/tvbrazilusa.com\/pt\/wp-json\/wp\/v2\/categories?post=103016"},{"taxonomy":"post_tag","embeddable":true,"href":"https:\/\/tvbrazilusa.com\/pt\/wp-json\/wp\/v2\/tags?post=103016"}],"curies":[{"name":"wp","href":"https:\/\/api.w.org\/{rel}","templated":true}]}}