{"id":103021,"date":"2025-02-15T02:16:56","date_gmt":"2025-02-15T02:16:56","guid":{"rendered":"https:\/\/tvbrazilusa.com\/2025\/02\/15\/quem-mais-poe-fogo-na-floresta-e-o-pt-diz-van-hattem-ao-citar-recordes-de-queimadas-sob-gestao-de-marina-silva\/"},"modified":"2025-02-15T02:16:57","modified_gmt":"2025-02-15T02:16:57","slug":"quem-mais-poe-fogo-na-floresta-e-o-pt-diz-van-hattem-ao-citar-recordes-de-queimadas-sob-gestao-de-marina-silva","status":"publish","type":"post","link":"https:\/\/tvbrazilusa.com\/pt\/2025\/02\/15\/quem-mais-poe-fogo-na-floresta-e-o-pt-diz-van-hattem-ao-citar-recordes-de-queimadas-sob-gestao-de-marina-silva\/","title":{"rendered":"&#8216;Quem mais p\u00f5e fogo na floresta \u00e9 o PT&#8217;, diz Van Hattem, ao citar recordes de queimadas sob gest\u00e3o de Marina Silva"},"content":{"rendered":"<p> <script async src=\"https:\/\/pagead2.googlesyndication.com\/pagead\/js\/adsbygoogle.js?client=ca-pub-8864793242727901\"\r\n     crossorigin=\"anonymous\"><\/script><br \/>\n<\/p>\n<div id=\"taboola-read-more\" style=\"display:block; width:100%\">\n<p>Durante a vota\u00e7\u00e3o do projeto de lei que institui o Dia Nacional para a A\u00e7\u00e3o Clim\u00e1tica, o deputado federal Marcel van Hattem (Novo-RS) afirmou que \u201cquem mais p\u00f5e fogo na floresta \u00e9 o PT\u201d. Ele mencionou dados que apontam recordes de inc\u00eandios na Amaz\u00f4nia durante os mandatos da ministra do Meio Ambiente, Marina Silva.\n<\/p>\n<p>A declara\u00e7\u00e3o ocorreu na quarta-feira 12, durante sess\u00e3o plen\u00e1ria na C\u00e2mara. Van Hattem questionou a efetividade do projeto de lei (PL 2.215\/2024), assinado por governistas. \u201cAgora, vai resolver alguma coisa?\u201d, indagou. Para ele, a proposta tem car\u00e1ter apenas publicit\u00e1rio.<\/p>\n<p>\u201cLula s\u00f3 agrava a situa\u00e7\u00e3o, com mais e mais queimadas na Amaz\u00f4nia, enquanto a fake news do Greenpeace e do PT come solta\u201d, analisou o parlamentar.\n<\/p>\n<p><strong>Assista ao pronunciamento de Marcel van Hattem (Novo-RS)<\/strong>\n<\/p>\n<p>Recordes de queimadas e cr\u00edticas \u00e0 gest\u00e3o ambiental<br \/>Segundo o Programa Queimadas, do Instituto Nacional de Pesquisas Espaciais (Inpe), a Amaz\u00f4nia registrou quase 140 mil focos de calor at\u00e9 o come\u00e7o de dezembro de 2024, um aumento de 43%, em rela\u00e7\u00e3o ao ano anterior. Esse foi o maior n\u00famero em 17 anos, atr\u00e1s apenas de 2007, quando mais de 185 mil focos foram contabilizados \u2014 tamb\u00e9m sob a gest\u00e3o de Lula, com Marina Silva \u00e0 frente da pasta ambiental.\n<\/p>\n<p>\u201cMais uma vez, Marina Silva \u2014 ou Marina Cinzas \u2014, ministra do Meio Ambiente, quebra os recordes do n\u00famero de queimadas na Amaz\u00f4nia\u201d, declarou Van Hattem. \u201cAs maiores queimadas da hist\u00f3ria do Brasil.\u201d\n<\/p>\n<p>O deputado tamb\u00e9m mencionou os danos causados pelas fortes chuvas de abril de 2024 no Rio Grande do Sul. Ele cobrou o cumprimento de promessas do presidente Luiz In\u00e1cio Lula da Silva para a reconstru\u00e7\u00e3o do Estado. \u201cDesastres clim\u00e1ticos se combatem com a\u00e7\u00f5es\u201d, afirmou.\n<\/p>\n<p>O PL foi aprovado e segue agora para o Senado. Dos 410 deputados que votaram, 66,7% foram favor\u00e1veis e 33,3% contr\u00e1rios. A oposi\u00e7\u00e3o orientou seus parlamentares a rejeitarem a proposta, de autoria da deputada Duda Salabert (PDT-MG).\n<\/p>\n<p>Fonte: Revista Oeste              <\/p>\n<\/div>\n<p><br \/>\n<br \/><a href=\"https:\/\/diariodobrasilnoticias.com.br\/noticia\/-quem-mais-poe-fogo-na-floresta-e-o-pt-diz-van-hattem-ao-citar-recordes-de-queimadas-sob-gestao-de-marina-silva-67afc28aa9e96\">Source link <\/a><\/p>","protected":false},"excerpt":{"rendered":"<p>Durante a vota\u00e7\u00e3o do projeto de lei que institui o Dia Nacional para a A\u00e7\u00e3o Clim\u00e1tica, o deputado federal Marcel van Hattem (Novo-RS) afirmou que \u201cquem mais p\u00f5e fogo na&hellip;<\/p>","protected":false},"author":1,"featured_media":103022,"comment_status":"closed","ping_status":"open","sticky":false,"template":"","format":"standard","meta":{"content-type":"","footnotes":""},"categories":[16],"tags":[123,2448,5313,1267],"class_list":["post-103021","post","type-post","status-publish","format-standard","has-post-thumbnail","hentry","category-noticias","tag-brasil","tag-diario","tag-noticia","tag-noticias"],"_links":{"self":[{"href":"https:\/\/tvbrazilusa.com\/pt\/wp-json\/wp\/v2\/posts\/103021","targetHints":{"allow":["GET"]}}],"collection":[{"href":"https:\/\/tvbrazilusa.com\/pt\/wp-json\/wp\/v2\/posts"}],"about":[{"href":"https:\/\/tvbrazilusa.com\/pt\/wp-json\/wp\/v2\/types\/post"}],"author":[{"embeddable":true,"href":"https:\/\/tvbrazilusa.com\/pt\/wp-json\/wp\/v2\/users\/1"}],"replies":[{"embeddable":true,"href":"https:\/\/tvbrazilusa.com\/pt\/wp-json\/wp\/v2\/comments?post=103021"}],"version-history":[{"count":1,"href":"https:\/\/tvbrazilusa.com\/pt\/wp-json\/wp\/v2\/posts\/103021\/revisions"}],"predecessor-version":[{"id":103023,"href":"https:\/\/tvbrazilusa.com\/pt\/wp-json\/wp\/v2\/posts\/103021\/revisions\/103023"}],"wp:featuredmedia":[{"embeddable":true,"href":"https:\/\/tvbrazilusa.com\/pt\/wp-json\/wp\/v2\/media\/103022"}],"wp:attachment":[{"href":"https:\/\/tvbrazilusa.com\/pt\/wp-json\/wp\/v2\/media?parent=103021"}],"wp:term":[{"taxonomy":"category","embeddable":true,"href":"https:\/\/tvbrazilusa.com\/pt\/wp-json\/wp\/v2\/categories?post=103021"},{"taxonomy":"post_tag","embeddable":true,"href":"https:\/\/tvbrazilusa.com\/pt\/wp-json\/wp\/v2\/tags?post=103021"}],"curies":[{"name":"wp","href":"https:\/\/api.w.org\/{rel}","templated":true}]}}