{"id":103026,"date":"2025-02-15T02:28:15","date_gmt":"2025-02-15T02:28:15","guid":{"rendered":"https:\/\/tvbrazilusa.com\/2025\/02\/15\/governo-lula-nao-foca-no-combate-a-corrupcao-aponta-advogado\/"},"modified":"2025-02-15T02:28:17","modified_gmt":"2025-02-15T02:28:17","slug":"governo-lula-nao-foca-no-combate-a-corrupcao-aponta-advogado","status":"publish","type":"post","link":"https:\/\/tvbrazilusa.com\/pt\/2025\/02\/15\/governo-lula-nao-foca-no-combate-a-corrupcao-aponta-advogado\/","title":{"rendered":"Governo Lula n\u00e3o foca no combate \u00e0 corrup\u00e7\u00e3o, aponta advogado"},"content":{"rendered":"<p> <script async src=\"https:\/\/pagead2.googlesyndication.com\/pagead\/js\/adsbygoogle.js?client=ca-pub-8864793242727901\"\r\n     crossorigin=\"anonymous\"><\/script><br \/>\n<\/p>\n<div id=\"taboola-read-more\" style=\"display:block; width:100%\">\n<p>A piora do desempenho do Brasil no ranking de percep\u00e7\u00e3o da corrup\u00e7\u00e3o, da Transpar\u00eancia Internacional, em 2024, foi influenciada por quest\u00f5es institucionais. Estas est\u00e3o ligadas ao governo e \u00e0 Justi\u00e7a do pa\u00eds, conforme afirmou a Oeste o advogado Emanuel Pessoa, entre outros, mestre em Direito pela Harvard Law School.\n<\/p>\n<p>\u201cAlgumas situa\u00e7\u00f5es explicam [a queda], como a manuten\u00e7\u00e3o de ministros investigados em seus cargos, a renegocia\u00e7\u00e3o de acordos de leni\u00eancia e a influ\u00eancia pol\u00edtica forte no governo atual de pessoas investigadas no passado.\u201d<\/p>\n<p>No in\u00edcio do atual governo do presidente Luiz In\u00e1cio Lula da Silva (PT), dos 37 ministros de Estado nomeados, pelo menos 12 enfrentavam processos ativos na Justi\u00e7a.\n<\/p>\n<p>O ministro das Comunica\u00e7\u00f5es, Juscelino Filho (Uni\u00e3o Brasil), foi indiciado pela Pol\u00edcia Federal em junho passado.\n<\/p>\n<p>A suspeita foi de desvio de emendas parlamentares para a cidade maranhense de Vitorino Freire, onde a irm\u00e3 dele era prefeita. No relat\u00f3rio, a entidade declarou que fatores como o sil\u00eancio de Lula em rela\u00e7\u00e3o \u00e0 pauta anticorrup\u00e7\u00e3o tiveram influ\u00eancia na queda.\n<\/p>\n<p>\u201cOs governos em geral buscam \u2013 de forma efetiva ou puramente por marketing \u2013 dar alguma \u00eanfase no combate \u00e0 corrup\u00e7\u00e3o, seja por meio de programas ou iniciativas\u201d, ressalta Pessoa. \u201cIsto n\u00e3o ocorre no governo Lula 3, gerando preocupa\u00e7\u00f5es sens\u00edveis ante o hist\u00f3rico habitual das presid\u00eancias.\u201d\n<\/p>\n<p>Em fevereiro do ano passado, ministro Dias Toffoli, do Supremo Tribunal Federal (STF), acolheu pedido da Companhia Novonor S.A (nova denomina\u00e7\u00e3o do ent\u00e3o Grupo Odebrecht) para suspender o pagamento de multas de R$ 8,5 bilh\u00f5es impostas \u00e0 empresa.\n<\/p>\n<p>As multas eram referentes ao acordo de leni\u00eancia firmado com o Minist\u00e9rio P\u00fablico Federal (MPF) no \u00e2mbito da Opera\u00e7\u00e3o Lava Jato. Em dezembro de 2023, a J&#038;F j\u00e1 havia obtido a suspens\u00e3o de sua multa de R$ 10,3 bilh\u00f5es.\n<\/p>\n<p>Pessoa tamb\u00e9m ponderou sobre as cr\u00edticas \u00e0 metodologia da pesquisa. Segundo ele, estas se baseiam no argumento de que o \u00edndice n\u00e3o mede a corrup\u00e7\u00e3o em si, mas a percep\u00e7\u00e3o.\n<\/p>\n<p>Por isso, na vis\u00e3o dos cr\u00edticos, seria sens\u00edvel a avalia\u00e7\u00f5es conjunturais e suscet\u00edvel a opini\u00f5es de cunho politico.\n<\/p>\n<p>O presidencialismo de coaliz\u00e3o tamb\u00e9m se torna um fator que amplia esta percep\u00e7\u00e3o. Pessoa, no entanto, acredita que os resultados precisam ser levados em conta.\n<\/p>\n<p>\u201cN\u00e3o podemos menosprezar a tend\u00eancia de queda no \u00edndice de percep\u00e7\u00e3o por dois anos consecutivos\u201d, avalia o advogado. \u201cAfinal, a percep\u00e7\u00e3o influencia a tomada de decis\u00f5es.\u201d\n<\/p>\n<p>Lava Jato e a percep\u00e7\u00e3o de corrup\u00e7\u00e3o<br \/>Com 34 pontos, o Brasil ocupa 107\u00aa posi\u00e7\u00e3o entre 180 pa\u00edses. Esse resultado representa uma queda de dois pontos e tr\u00eas posi\u00e7\u00f5es em rela\u00e7\u00e3o ao ano anterior.\n<\/p>\n<p>Tamb\u00e9m indica uma perda de nove pontos e 38 posi\u00e7\u00f5es em compara\u00e7\u00e3o com os melhores momentos da s\u00e9rie hist\u00f3rica, registrados em 2012 e 2014.\n<\/p>\n<p>Esta \u00e9 a segunda queda consecutiva do pa\u00eds. Ao lado do Brasil, no ranking, est\u00e3o Nepal, Arg\u00e9lia, Malau\u00ed, N\u00edger, Tail\u00e2ndia e Turquia.\n<\/p>\n<p>Na opini\u00e3o de Pessoa, a Opera\u00e7\u00e3o Lava Jato, mesmo encerrada em 2021, ainda repercute para que a popula\u00e7\u00e3o tenha esta percep\u00e7\u00e3o.\n<\/p>\n<p>\u201cO \u00edndice mede a percep\u00e7\u00e3o, o que significa que uma opera\u00e7\u00e3o como a Lava Jato tem o efeito de aumentar o conhecimento da popula\u00e7\u00e3o e a sensa\u00e7\u00e3o de corrup\u00e7\u00e3o, tal qual ocorreu na It\u00e1lia com a Opera\u00e7\u00e3o M\u00e3os Limpas\u201d, observa.\n<\/p>\n<p>\u201cAssim, quanto mais se combate a corrup\u00e7\u00e3o depois de um longo tempo de toler\u00e2ncia, maior \u00e9 a percep\u00e7\u00e3o a respeito de sua exist\u00eancia.\u201d\n<\/p>\n<p>Fonte: Revista Oeste              <\/p>\n<\/div>\n<p><br \/>\n<br \/><a href=\"https:\/\/diariodobrasilnoticias.com.br\/noticia\/governo-lula-nao-foca-no-combate-a-corrupcao-aponta-advogado-67afc1cd32853\">Source link <\/a><\/p>","protected":false},"excerpt":{"rendered":"<p>A piora do desempenho do Brasil no ranking de percep\u00e7\u00e3o da corrup\u00e7\u00e3o, da Transpar\u00eancia Internacional, em 2024, foi influenciada por quest\u00f5es institucionais. Estas est\u00e3o ligadas ao governo e \u00e0 Justi\u00e7a&hellip;<\/p>","protected":false},"author":1,"featured_media":103027,"comment_status":"closed","ping_status":"open","sticky":false,"template":"","format":"standard","meta":{"content-type":"","footnotes":""},"categories":[16],"tags":[123,2448,5313,1267],"class_list":["post-103026","post","type-post","status-publish","format-standard","has-post-thumbnail","hentry","category-noticias","tag-brasil","tag-diario","tag-noticia","tag-noticias"],"_links":{"self":[{"href":"https:\/\/tvbrazilusa.com\/pt\/wp-json\/wp\/v2\/posts\/103026","targetHints":{"allow":["GET"]}}],"collection":[{"href":"https:\/\/tvbrazilusa.com\/pt\/wp-json\/wp\/v2\/posts"}],"about":[{"href":"https:\/\/tvbrazilusa.com\/pt\/wp-json\/wp\/v2\/types\/post"}],"author":[{"embeddable":true,"href":"https:\/\/tvbrazilusa.com\/pt\/wp-json\/wp\/v2\/users\/1"}],"replies":[{"embeddable":true,"href":"https:\/\/tvbrazilusa.com\/pt\/wp-json\/wp\/v2\/comments?post=103026"}],"version-history":[{"count":1,"href":"https:\/\/tvbrazilusa.com\/pt\/wp-json\/wp\/v2\/posts\/103026\/revisions"}],"predecessor-version":[{"id":103028,"href":"https:\/\/tvbrazilusa.com\/pt\/wp-json\/wp\/v2\/posts\/103026\/revisions\/103028"}],"wp:featuredmedia":[{"embeddable":true,"href":"https:\/\/tvbrazilusa.com\/pt\/wp-json\/wp\/v2\/media\/103027"}],"wp:attachment":[{"href":"https:\/\/tvbrazilusa.com\/pt\/wp-json\/wp\/v2\/media?parent=103026"}],"wp:term":[{"taxonomy":"category","embeddable":true,"href":"https:\/\/tvbrazilusa.com\/pt\/wp-json\/wp\/v2\/categories?post=103026"},{"taxonomy":"post_tag","embeddable":true,"href":"https:\/\/tvbrazilusa.com\/pt\/wp-json\/wp\/v2\/tags?post=103026"}],"curies":[{"name":"wp","href":"https:\/\/api.w.org\/{rel}","templated":true}]}}