{"id":103031,"date":"2025-02-15T02:39:40","date_gmt":"2025-02-15T02:39:40","guid":{"rendered":"https:\/\/tvbrazilusa.com\/2025\/02\/15\/desapropriacao-da-fazenda-da-familia-bettim-e-suspensa-pela-justica\/"},"modified":"2025-02-15T02:39:42","modified_gmt":"2025-02-15T02:39:42","slug":"desapropriacao-da-fazenda-da-familia-bettim-e-suspensa-pela-justica","status":"publish","type":"post","link":"https:\/\/tvbrazilusa.com\/pt\/2025\/02\/15\/desapropriacao-da-fazenda-da-familia-bettim-e-suspensa-pela-justica\/","title":{"rendered":"Desapropria\u00e7\u00e3o da fazenda da fam\u00edlia Bettim \u00e9 suspensa pela justi\u00e7a"},"content":{"rendered":"<p> <script async src=\"https:\/\/pagead2.googlesyndication.com\/pagead\/js\/adsbygoogle.js?client=ca-pub-8864793242727901\"\r\n     crossorigin=\"anonymous\"><\/script><br \/>\n<\/p>\n<div id=\"taboola-read-more\" style=\"display:block; width:100%\">\n<p>Em uma decis\u00e3o divulgada na noite desta sexta-feira, 14, o desembargador Andr\u00e9 Fontes, do Tribunal Regional da 2\u00aa Regi\u00e3o (TRF-2), suspendeu a desapropria\u00e7\u00e3o da fazenda da fam\u00edlia Bettim. A decis\u00e3o vale, inicialmente, por 30 dias.\n<\/p>\n<p>Parte da fazenda havia sido desapropriada na quinta-feira 13, com aval do Poder Judici\u00e1rio, por meio de a\u00e7\u00e3o movida pelo Instituto Nacional de Coloniza\u00e7\u00e3o e Reforma Agr\u00e1ria (Incra).<\/p>\n<p>Anteriormente, Fontes havia liberado a desapropria\u00e7\u00e3o da Fazenda Floresta &#038; Texas, sob controle da fam\u00edlia Bettim h\u00e1 mais de 60 anos. Em parecer na quarta-feira 12, o magistrado do TRF-2 afirmou que o caso n\u00e3o envolvia \u201curg\u00eancia\u201d.\n<\/p>\n<p>Agora, contudo, o desembargador determina que a 1\u00aa Vara de S\u00e3o Mateus, munic\u00edpio localizado no norte capixaba, tome as devidas provid\u00eancias para reverter a desapropria\u00e7\u00e3o. Al\u00e9m disso, ele encaminhou o caso para a Comiss\u00e3o de Solu\u00e7\u00f5es Fundi\u00e1rias, sob cuidados diretos do Conselho Nacional de Justi\u00e7a.\n<\/p>\n<p>\u201cSuspenda-se, por trinta dias, o cumprimento da ordem de desocupa\u00e7\u00e3o das<br \/>terras fixada nos autos da desapropria\u00e7\u00e3o\u201d, afirma Fontes, em trecho da decis\u00e3o desta sexta-feira.\n<\/p>\n<p>Com a mais recente ordem judicial, os 16 integrantes da fam\u00edlia Bettim poder\u00e3o seguir trabalhando no local que conta com:\n<\/p>\n<p>100 mil p\u00e9s de caf\u00e9;<br \/>5 mil p\u00e9s de pimenta-do-reino;<br \/>planta\u00e7\u00f5es de mandioca;<br \/>cultivo de \u00e1rvores frut\u00edferas;<br \/>\u00e1reas de pastagem; e<br \/>cria\u00e7\u00e3o de cerca de 500 vacas leiteiras.\n<\/p>\n<p>Contra fam\u00edlia Bettim, Incra fala em \u201cfazenda improdutiva\u201d<br \/>A revers\u00e3o da desapropria\u00e7\u00e3o da fazenda da fam\u00edlia Bettim p\u00f5e em xeque a vers\u00e3o do Incra. O processo come\u00e7ou porque o instituto alegou que a Floresta &#038; Texas era improdutiva. Para isso, o \u00f3rg\u00e3o se baseou em per\u00edcia realizada em 2010.\n<\/p>\n<p>Conforme Oeste registrou nas \u00faltimas semanas, dois recentes laudos desmentem a tese de que a terra dos Bettim \u00e9 improdutiva. Em an\u00e1lise de janeiro, a Secretaria de Agricultura de S\u00e3o Mateus classificou a fazenda como \u201cgrande propriedade produtiva\u201d. No mesmo m\u00eas, o Instituto Capixaba de Pesquisa, Assist\u00eancia T\u00e9cnica e Extens\u00e3o Rural falou em produ\u00e7\u00e3o \u201cbem acima da m\u00e9dia estadual\u201d.\n<\/p>\n<p>O caso comoveu produtores rurais. No dia 7 de janeiro, um protesto reuniu mais de 400 pessoas. Elas foram at\u00e9 a Floresta &#038; Texas para marcar posi\u00e7\u00e3o contra a possibilidade de desapropria\u00e7\u00e3o.\n<\/p>\n<p>No \u00e2mbito pol\u00edtico, o deputado estadual Lucas Polese (PL-ES) solicitou a realiza\u00e7\u00e3o de novas per\u00edcias. O senador Magno Malta (PL-ES) avisou, depois do cumprimento da desapropria\u00e7\u00e3o na quinta-feira, que trabalharia para reverter o caso na Justi\u00e7a.\n<\/p>\n<p>O processo do Incra contra a fam\u00edlia Bettim tamb\u00e9m movimentou a bancada do agro em Bras\u00edlia. A diretoria da Frente Parlamentar da Agropecu\u00e1ria (FPA) discutiu o caso nesta semana, sob coordena\u00e7\u00e3o do deputado federal Evair Vieira de Melo (PP-ES). Ele \u00e9 o segundo-vice-presidente da FPA na C\u00e2mara.\n<\/p>\n<p>O caso comoveu produtores rurais. No dia 7 de janeiro, um protesto reuniu mais de 400 pessoas. Elas foram at\u00e9 a Floresta &#038; Texas para marcar posi\u00e7\u00e3o contra a possibilidade de desapropria\u00e7\u00e3o.\n<\/p>\n<p>No \u00e2mbito pol\u00edtico, o deputado estadual Lucas Polese (PL-ES) solicitou a realiza\u00e7\u00e3o de novas per\u00edcias. O senador Magno Malta (PL-ES) avisou, depois do cumprimento da desapropria\u00e7\u00e3o na quinta-feira, que trabalharia para reverter o caso na Justi\u00e7a.\n<\/p>\n<p>O processo do Incra contra a fam\u00edlia Bettim tamb\u00e9m movimentou a bancada do agro em Bras\u00edlia. A diretoria da Frente Parlamentar da Agropecu\u00e1ria (FPA) discutiu o caso nesta semana, sob coordena\u00e7\u00e3o do deputado federal Evair Vieira de Melo (PP-ES). Ele \u00e9 o segundo-vice-presidente da FPA na C\u00e2mara.\n<\/p>\n<p>A desapropria\u00e7\u00e3o de parte da Floresta &#038; Texas, ali\u00e1s, s\u00f3 ocorreu por causa de Lula. Por meio de decreto de mar\u00e7o de 2010, o petista determinou que a propriedade deveria ser entregue ao Incra. Nesse sentido, ele falou em \u201cinteresse social\u201d.\n<\/p>\n<p>O \u201cinteresse\u201d, a saber, seria ampliar o assentamento do Movimento dos Trabalhadores Rurais (MST) que fica ao lado da fazenda da fam\u00edlia Bettim. Em seu atual mandato \u00e0 frente do Pal\u00e1cio do Planalto, Lula nomeou como superintendente do Incra no Esp\u00edrito Santo Maria da Penha Lopes dos Santos. Al\u00e9m de petista, ela \u00e9 militante do MST.\n<\/p>\n<p>Por ora, gra\u00e7as a uma decis\u00e3o judicial, o Incra e o MST est\u00e3o impedidos de se apropriarem da fazenda dos Bettim.\n<\/p>\n<p>Fonte: Revista Oeste              <\/p>\n<\/div>\n<p><br \/>\n<br \/><a href=\"https:\/\/diariodobrasilnoticias.com.br\/noticia\/desapropriacao-da-fazenda-da-familia-bettim-e-suspensa-pela-justica-67afd43ea033a\">Source link <\/a><\/p>","protected":false},"excerpt":{"rendered":"<p>Em uma decis\u00e3o divulgada na noite desta sexta-feira, 14, o desembargador Andr\u00e9 Fontes, do Tribunal Regional da 2\u00aa Regi\u00e3o (TRF-2), suspendeu a desapropria\u00e7\u00e3o da fazenda da fam\u00edlia Bettim. A decis\u00e3o&hellip;<\/p>","protected":false},"author":1,"featured_media":103032,"comment_status":"closed","ping_status":"open","sticky":false,"template":"","format":"standard","meta":{"content-type":"","footnotes":""},"categories":[16],"tags":[123,2448,5313,1267],"class_list":["post-103031","post","type-post","status-publish","format-standard","has-post-thumbnail","hentry","category-noticias","tag-brasil","tag-diario","tag-noticia","tag-noticias"],"_links":{"self":[{"href":"https:\/\/tvbrazilusa.com\/pt\/wp-json\/wp\/v2\/posts\/103031","targetHints":{"allow":["GET"]}}],"collection":[{"href":"https:\/\/tvbrazilusa.com\/pt\/wp-json\/wp\/v2\/posts"}],"about":[{"href":"https:\/\/tvbrazilusa.com\/pt\/wp-json\/wp\/v2\/types\/post"}],"author":[{"embeddable":true,"href":"https:\/\/tvbrazilusa.com\/pt\/wp-json\/wp\/v2\/users\/1"}],"replies":[{"embeddable":true,"href":"https:\/\/tvbrazilusa.com\/pt\/wp-json\/wp\/v2\/comments?post=103031"}],"version-history":[{"count":1,"href":"https:\/\/tvbrazilusa.com\/pt\/wp-json\/wp\/v2\/posts\/103031\/revisions"}],"predecessor-version":[{"id":103033,"href":"https:\/\/tvbrazilusa.com\/pt\/wp-json\/wp\/v2\/posts\/103031\/revisions\/103033"}],"wp:featuredmedia":[{"embeddable":true,"href":"https:\/\/tvbrazilusa.com\/pt\/wp-json\/wp\/v2\/media\/103032"}],"wp:attachment":[{"href":"https:\/\/tvbrazilusa.com\/pt\/wp-json\/wp\/v2\/media?parent=103031"}],"wp:term":[{"taxonomy":"category","embeddable":true,"href":"https:\/\/tvbrazilusa.com\/pt\/wp-json\/wp\/v2\/categories?post=103031"},{"taxonomy":"post_tag","embeddable":true,"href":"https:\/\/tvbrazilusa.com\/pt\/wp-json\/wp\/v2\/tags?post=103031"}],"curies":[{"name":"wp","href":"https:\/\/api.w.org\/{rel}","templated":true}]}}