{"id":103046,"date":"2025-02-14T15:29:27","date_gmt":"2025-02-14T15:29:27","guid":{"rendered":"https:\/\/tvbrazilusa.com\/2025\/02\/14\/show-da-manha-consorcio-lula-stf-entra-em-panico-14-02-2025\/"},"modified":"2025-02-14T15:29:27","modified_gmt":"2025-02-14T15:29:27","slug":"show-da-manha-consorcio-lula-stf-entra-em-panico-14-02-2025","status":"publish","type":"post","link":"https:\/\/tvbrazilusa.com\/pt\/2025\/02\/14\/show-da-manha-consorcio-lula-stf-entra-em-panico-14-02-2025\/","title":{"rendered":"SHOW DA MANH\u00c3 &#8211; &#8220;CONS\u00d3RCIO LULA-STF&#8221; ENTRA EM P\u00c2NICO\u00a0&#8211;\u00a014\/02\/2025"},"content":{"rendered":"<p><iframe  width=\"580\" height=\"385\" src=\"https:\/\/www.youtube.com\/embed\/Sa1EXD4bmiA?modestbranding=1\" frameborder=\"0\" allowfullscreen><\/iframe><br \/>\n<br \/>Apresentado por Marco Ant\u00f4nio Costa. Convidados: Ver. Adrilles Jorge, Paula Marisa e Jorge Serr\u00e3o. Participa\u00e7\u00e3o especial: Ver.\u00a0Lucas\u00a0Pavanato. O Show da Manh\u00e3 vai ao ar de segunda a sexta, das 10h \u00e0s 12h.<\/p>\n<p>\ud83d\udd25NOVIDADES NO FIO DI\u00c1RIO! ASSINE COM 33% OFF NO PLANO ANUAL OU 66% OFF NO DEZ A FIO! \ud83d\udc49 <\/p>\n<p>\ud83d\udd25APROVEITE AS PROMO\u00c7\u00d5ES DA LIVRARIA FIO DI\u00c1RIO E N\u00c3O CAIA EM NARRATIVAS! \ud83d\udc49 <\/p>\n<p>Inscreva-se no nosso Canal!<\/p>\n<p>Ou\u00e7a no Spotify: <\/p>\n<p>Siga no Instagram:<\/p>\n<p>Fio Di\u00e1rio: <\/p>\n<p>Marco Ant\u00f4nio Costa: <\/p>\n<p><a href=\"https:\/\/www.youtube.com\/watch?v=Sa1EXD4bmiA\">source<\/a><\/p>","protected":false},"excerpt":{"rendered":"<p>Apresentado por Marco Ant\u00f4nio Costa. Convidados: Ver. Adrilles Jorge, Paula Marisa e Jorge Serr\u00e3o. Participa\u00e7\u00e3o especial: Ver.\u00a0Lucas\u00a0Pavanato. O Show da Manh\u00e3 vai ao ar de segunda a sexta, das 10h&hellip;<\/p>","protected":false},"author":1,"featured_media":103047,"comment_status":"","ping_status":"open","sticky":false,"template":"","format":"standard","meta":{"content-type":"","footnotes":""},"categories":[17],"tags":[974,957,32984,557,32985,63],"class_list":["post-103046","post","type-post","status-publish","format-standard","has-post-thumbnail","hentry","category-programas","tag-consorcio","tag-entra","tag-lulastf","tag-manha","tag-panico14022025","tag-show"],"_links":{"self":[{"href":"https:\/\/tvbrazilusa.com\/pt\/wp-json\/wp\/v2\/posts\/103046","targetHints":{"allow":["GET"]}}],"collection":[{"href":"https:\/\/tvbrazilusa.com\/pt\/wp-json\/wp\/v2\/posts"}],"about":[{"href":"https:\/\/tvbrazilusa.com\/pt\/wp-json\/wp\/v2\/types\/post"}],"author":[{"embeddable":true,"href":"https:\/\/tvbrazilusa.com\/pt\/wp-json\/wp\/v2\/users\/1"}],"replies":[{"embeddable":true,"href":"https:\/\/tvbrazilusa.com\/pt\/wp-json\/wp\/v2\/comments?post=103046"}],"version-history":[{"count":0,"href":"https:\/\/tvbrazilusa.com\/pt\/wp-json\/wp\/v2\/posts\/103046\/revisions"}],"wp:featuredmedia":[{"embeddable":true,"href":"https:\/\/tvbrazilusa.com\/pt\/wp-json\/wp\/v2\/media\/103047"}],"wp:attachment":[{"href":"https:\/\/tvbrazilusa.com\/pt\/wp-json\/wp\/v2\/media?parent=103046"}],"wp:term":[{"taxonomy":"category","embeddable":true,"href":"https:\/\/tvbrazilusa.com\/pt\/wp-json\/wp\/v2\/categories?post=103046"},{"taxonomy":"post_tag","embeddable":true,"href":"https:\/\/tvbrazilusa.com\/pt\/wp-json\/wp\/v2\/tags?post=103046"}],"curies":[{"name":"wp","href":"https:\/\/api.w.org\/{rel}","templated":true}]}}