{"id":103062,"date":"2025-02-15T09:41:50","date_gmt":"2025-02-15T09:41:50","guid":{"rendered":"https:\/\/tvbrazilusa.com\/2025\/02\/15\/saiba-qual-habito-alimentar-pode-ser-sinal-de-um-tipo-de-demencia\/"},"modified":"2025-02-15T09:41:52","modified_gmt":"2025-02-15T09:41:52","slug":"saiba-qual-habito-alimentar-pode-ser-sinal-de-um-tipo-de-demencia","status":"publish","type":"post","link":"https:\/\/tvbrazilusa.com\/pt\/2025\/02\/15\/saiba-qual-habito-alimentar-pode-ser-sinal-de-um-tipo-de-demencia\/","title":{"rendered":"Saiba qual h\u00e1bito alimentar pode ser sinal de um tipo de dem\u00eancia"},"content":{"rendered":"<p> <script async src=\"https:\/\/pagead2.googlesyndication.com\/pagead\/js\/adsbygoogle.js?client=ca-pub-8864793242727901\"\r\n     crossorigin=\"anonymous\"><\/script><br \/>\n<\/p>\n<div id=\"taboola-read-more\" style=\"display:block; width:100%\">\n<p>A dem\u00eancia frontotemporal (DFT) \u00e9 um subtipo raro da doen\u00e7a que afeta os lobos frontal e temporal do c\u00e9rebro, comprometendo personalidade, comportamento e linguagem. Diferente de outras formas de dem\u00eancia, seus primeiros sinais nem sempre incluem perda de mem\u00f3ria, mas sim mudan\u00e7as no comportamento, incluindo altera\u00e7\u00f5es nos h\u00e1bitos alimentares.\n<\/p>\n<p><strong>Comportamento alimentar e dem\u00eancia frontotemporal<\/strong><\/p>\n<p>Estudos indicam que pessoas com DFT podem desenvolver comportamentos alimentares obsessivos e incomuns. Segundo um artigo sobre o tema da Escola Internacional de Estudos Avan\u00e7ados (SISSA), isso inclui:\n<\/p>\n<p>Hiperfagia: aumento excessivo do apetite e consumo exagerado de alimentos;\n<\/p>\n<p>Fixa\u00e7\u00e3o em um tipo de alimento: recusa em comer qualquer coisa al\u00e9m de um \u00fanico alimento. Por exemplo, uma paciente documentada s\u00f3 comia bananas e bebia leite durante meses;\n<\/p>\n<p>Ingest\u00e3o de objetos n\u00e3o alimentares: casos relatam indiv\u00edduos que comem itens inadequados, confundindo-os com comida;\n<\/p>\n<p>Roubo de comida: pegar alimentos do prato de outras pessoas sem perceber o comportamento inadequado.\n<\/p>\n<p><strong>O que causa essas mudan\u00e7as alimentares?<\/strong>\n<\/p>\n<p>Os cientistas ainda investigam as causas exatas dessas altera\u00e7\u00f5es. No entanto, acredita-se que envolvam:\n<\/p>\n<p>Betnacional Cadastro: Crie sua conta na bet dos brasileiros\n<\/p>\n<p>Uma semana antes de um AVC corpo envia sinal; saiba qual\n<\/p>\n<p>Fatecs t\u00eam vagas dispon\u00edveis em mais de 90 cursos gratuitos\n<\/p>\n<p>Blue Fortune: Aprenda a jogar o jogo dos Piratas\n<\/p>\n<p>Disfun\u00e7\u00e3o do sistema nervoso aut\u00f4nomo, que altera a percep\u00e7\u00e3o da fome e saciedade;\n<\/p>\n<p>Danos ao hipot\u00e1lamo, levando \u00e0 perda de controle inibit\u00f3rio sobre a alimenta\u00e7\u00e3o;\n<\/p>\n<p>Defici\u00eancias cognitivas e sensoriais, dificultando o reconhecimento de objetos e sua fun\u00e7\u00e3o adequada.\n<\/p>\n<p>O reconhecimento precoce desses padr\u00f5es alimentares incomuns pode ser fundamental para o diagn\u00f3stico antecipado da DFT. M\u00e9dicos e familiares devem estar atentos a mudan\u00e7as bruscas no comportamento alimentar, pois podem ser um sinal de alerta para condi\u00e7\u00f5es neurol\u00f3gicas graves.\n<\/p>\n<p>Embora n\u00e3o haja cura para a DFT, o tratamento adequado pode ajudar a melhorar a qualidade de vida do paciente. Se voc\u00ea ou algu\u00e9m que conhece est\u00e1 apresentando altera\u00e7\u00f5es extremas nos h\u00e1bitos alimentares, consulte um profissional de sa\u00fade para avalia\u00e7\u00e3o.\n<\/p>\n<p>Fonte: Catraca Livre              <\/p>\n<\/div>\n<p><br \/>\n<br \/><a href=\"https:\/\/diariodobrasilnoticias.com.br\/noticia\/saiba-qual-habito-alimentar-pode-ser-sinal-de-um-tipo-de-demencia-67b05d625bfe9\">Source link <\/a><\/p>","protected":false},"excerpt":{"rendered":"<p>A dem\u00eancia frontotemporal (DFT) \u00e9 um subtipo raro da doen\u00e7a que afeta os lobos frontal e temporal do c\u00e9rebro, comprometendo personalidade, comportamento e linguagem. Diferente de outras formas de dem\u00eancia,&hellip;<\/p>","protected":false},"author":1,"featured_media":103063,"comment_status":"closed","ping_status":"open","sticky":false,"template":"","format":"standard","meta":{"content-type":"","footnotes":""},"categories":[16],"tags":[123,2448,5313,1267],"class_list":["post-103062","post","type-post","status-publish","format-standard","has-post-thumbnail","hentry","category-noticias","tag-brasil","tag-diario","tag-noticia","tag-noticias"],"_links":{"self":[{"href":"https:\/\/tvbrazilusa.com\/pt\/wp-json\/wp\/v2\/posts\/103062","targetHints":{"allow":["GET"]}}],"collection":[{"href":"https:\/\/tvbrazilusa.com\/pt\/wp-json\/wp\/v2\/posts"}],"about":[{"href":"https:\/\/tvbrazilusa.com\/pt\/wp-json\/wp\/v2\/types\/post"}],"author":[{"embeddable":true,"href":"https:\/\/tvbrazilusa.com\/pt\/wp-json\/wp\/v2\/users\/1"}],"replies":[{"embeddable":true,"href":"https:\/\/tvbrazilusa.com\/pt\/wp-json\/wp\/v2\/comments?post=103062"}],"version-history":[{"count":1,"href":"https:\/\/tvbrazilusa.com\/pt\/wp-json\/wp\/v2\/posts\/103062\/revisions"}],"predecessor-version":[{"id":103064,"href":"https:\/\/tvbrazilusa.com\/pt\/wp-json\/wp\/v2\/posts\/103062\/revisions\/103064"}],"wp:featuredmedia":[{"embeddable":true,"href":"https:\/\/tvbrazilusa.com\/pt\/wp-json\/wp\/v2\/media\/103063"}],"wp:attachment":[{"href":"https:\/\/tvbrazilusa.com\/pt\/wp-json\/wp\/v2\/media?parent=103062"}],"wp:term":[{"taxonomy":"category","embeddable":true,"href":"https:\/\/tvbrazilusa.com\/pt\/wp-json\/wp\/v2\/categories?post=103062"},{"taxonomy":"post_tag","embeddable":true,"href":"https:\/\/tvbrazilusa.com\/pt\/wp-json\/wp\/v2\/tags?post=103062"}],"curies":[{"name":"wp","href":"https:\/\/api.w.org\/{rel}","templated":true}]}}