{"id":103065,"date":"2025-02-15T09:57:19","date_gmt":"2025-02-15T09:57:19","guid":{"rendered":"https:\/\/tvbrazilusa.com\/2025\/02\/15\/especialistas-veem-lula-3-fora-do-tempo-e-desatualizado\/"},"modified":"2025-02-15T09:57:21","modified_gmt":"2025-02-15T09:57:21","slug":"especialistas-veem-lula-3-fora-do-tempo-e-desatualizado","status":"publish","type":"post","link":"https:\/\/tvbrazilusa.com\/pt\/2025\/02\/15\/especialistas-veem-lula-3-fora-do-tempo-e-desatualizado\/","title":{"rendered":"Especialistas veem Lula 3 &#8216;fora do tempo&#8217; e desatualizado"},"content":{"rendered":"<p> <script async src=\"https:\/\/pagead2.googlesyndication.com\/pagead\/js\/adsbygoogle.js?client=ca-pub-8864793242727901\"\r\n     crossorigin=\"anonymous\"><\/script><br \/>\n<\/p>\n<div id=\"taboola-read-more\" style=\"display:block; width:100%\">\n<p>Com o terceiro governo do presidente Luiz In\u00e1cio Lula da Silva (PT) vivendo uma de suas piores avalia\u00e7\u00f5es no momento, especialistas ouvidos pela CNN enxergam um chefe do Executivo que est\u00e1 \u201cdeslocado\u201d no tempo e dos dilemas do cotidiano brasileiro.\n<\/p>\n<p>\u201cBoa parte da explica\u00e7\u00e3o tem a ver com um governo deslocado no tempo. O Governo Lula 3 n\u00e3o dialoga com os grandes dilemas da sua \u00e9poca\u201d, afirmou o cientista pol\u00edtico Rafael Cortez ao CNN Prime Time.<\/p>\n<p>\u201cA infla\u00e7\u00e3o tem um efeito maligno para a popularidade presidencial. [\u2026] E a economia brasileira hoje \u00e9 diferente do que era l\u00e1 atr\u00e1s, seja pela taxa de juros, seja do ponto de vista da solu\u00e7\u00e3o, a sociedade \u00e9 diferente\u201d, pontuou Cortez.\n<\/p>\n<p>Nesta sexta-feira (14), o Datafolha revelou que administra\u00e7\u00e3o de Lula chegou a seu pior momento diante da popula\u00e7\u00e3o.\n<\/p>\n<p>Segundo a pesquisa, a gest\u00e3o \u00e9 aprovada por 24% dos brasileiros.\n<\/p>\n<p>Com o resultado, o governo perdeu 11 pontos percentuais em \u201c\u00f3timo ou bom\u201d em um per\u00edodo de 60 dias.\n<\/p>\n<p>\u201cO dia n\u00e3o clareia s\u00f3 de uma vez, ele vai clareando aos poucos. Desde o segundo semestre do ano passado mostra uma piora, n\u00e3o \u00e9 um fen\u00f4meno novo. Mas o que surpreendeu \u00e9 que em 60 dias a popularidade colapsa. S\u00f3 tem paralelo com a Dilma Rousseff em 2013\u201d, avaliou ao WW Leonardo Barreto, s\u00f3cio da consultoria Think Policy.\n<\/p>\n<p>Barreto observa \u201cv\u00e1rias gafes\u201d por parte da gest\u00e3o nos \u00faltimos meses, que v\u00e3o desde a rela\u00e7\u00e3o com o Congresso at\u00e9 a economia. Por\u00e9m, ressalta, sobretudo, os resqu\u00edcios da m\u00e1 comunica\u00e7\u00e3o do governo sob Paulo Pimenta.\n<\/p>\n<p>Daqui para frente, o s\u00f3cio da Think Policy acredita que a agenda do governo ser\u00e1 de reverter esse cen\u00e1rio e melhorar a rela\u00e7\u00e3o com o eleitorado para 2026.\n<\/p>\n<p>\u201cAcredito que o Lula tem uma quest\u00e3o importante \u00e0 frente dele que \u00e9 uma talvez impossibilidade de reverter a situa\u00e7\u00e3o pelos meios tradicionais. Antes, tentou arrancar um compromisso para que os presidentes de partido o apoiassem, ele queria um n\u00edvel de disciplina e compromisso\u201d, ponderou Barreto.\n<\/p>\n<p>\u201cSem essa perspectiva de renova\u00e7\u00e3o de poder que o Datafolha traz, essa situa\u00e7\u00e3o ficou ainda mais dif\u00edcil\u201d, concluiu.\n<\/p>\n<p>Rafael Cortez tamb\u00e9m ressaltou que o governo enfrenta dificuldades na frente de relacionamento, sobretudo em rela\u00e7\u00e3o ao Congresso e o andamento do Projeto de Lei do Or\u00e7amento de 2025, que segue travado no Legislativo.\n<\/p>\n<p>\u201c\u00c9 um governo que tem mais dificuldade de lidar com o Congresso, um presidente mais fraco, especialmente no Or\u00e7amento. Est\u00e1 com as m\u00e3os mais amarradas\u201d, disse o cientista pol\u00edtico.\n<\/p>\n<p>\u201cPerda de popularidade entre os mais vulner\u00e1veis, perde a base que tinha e n\u00e3o consegue sustentar a coaliz\u00e3o de apoio das elei\u00e7\u00f5es de 22\u201d, pontuou.\n<\/p>\n<p>Fonte: CNN              <\/p>\n<\/div>\n<p><br \/>\n<br \/><a href=\"https:\/\/diariodobrasilnoticias.com.br\/noticia\/especialistas-veem-lula-3-fora-do-tempo-e-desatualizado-67b0618b93c98\">Source link <\/a><\/p>","protected":false},"excerpt":{"rendered":"<p>Com o terceiro governo do presidente Luiz In\u00e1cio Lula da Silva (PT) vivendo uma de suas piores avalia\u00e7\u00f5es no momento, especialistas ouvidos pela CNN enxergam um chefe do Executivo que&hellip;<\/p>","protected":false},"author":1,"featured_media":103066,"comment_status":"closed","ping_status":"open","sticky":false,"template":"","format":"standard","meta":{"content-type":"","footnotes":""},"categories":[16],"tags":[123,2448,5313,1267],"class_list":["post-103065","post","type-post","status-publish","format-standard","has-post-thumbnail","hentry","category-noticias","tag-brasil","tag-diario","tag-noticia","tag-noticias"],"_links":{"self":[{"href":"https:\/\/tvbrazilusa.com\/pt\/wp-json\/wp\/v2\/posts\/103065","targetHints":{"allow":["GET"]}}],"collection":[{"href":"https:\/\/tvbrazilusa.com\/pt\/wp-json\/wp\/v2\/posts"}],"about":[{"href":"https:\/\/tvbrazilusa.com\/pt\/wp-json\/wp\/v2\/types\/post"}],"author":[{"embeddable":true,"href":"https:\/\/tvbrazilusa.com\/pt\/wp-json\/wp\/v2\/users\/1"}],"replies":[{"embeddable":true,"href":"https:\/\/tvbrazilusa.com\/pt\/wp-json\/wp\/v2\/comments?post=103065"}],"version-history":[{"count":1,"href":"https:\/\/tvbrazilusa.com\/pt\/wp-json\/wp\/v2\/posts\/103065\/revisions"}],"predecessor-version":[{"id":103067,"href":"https:\/\/tvbrazilusa.com\/pt\/wp-json\/wp\/v2\/posts\/103065\/revisions\/103067"}],"wp:featuredmedia":[{"embeddable":true,"href":"https:\/\/tvbrazilusa.com\/pt\/wp-json\/wp\/v2\/media\/103066"}],"wp:attachment":[{"href":"https:\/\/tvbrazilusa.com\/pt\/wp-json\/wp\/v2\/media?parent=103065"}],"wp:term":[{"taxonomy":"category","embeddable":true,"href":"https:\/\/tvbrazilusa.com\/pt\/wp-json\/wp\/v2\/categories?post=103065"},{"taxonomy":"post_tag","embeddable":true,"href":"https:\/\/tvbrazilusa.com\/pt\/wp-json\/wp\/v2\/tags?post=103065"}],"curies":[{"name":"wp","href":"https:\/\/api.w.org\/{rel}","templated":true}]}}