{"id":10317,"date":"2022-06-07T15:57:49","date_gmt":"2022-06-07T15:57:49","guid":{"rendered":"https:\/\/tvbrazilusa.com\/2022\/06\/07\/quem-ameaca-a-liberdade-de-imprensa-no-brasil\/"},"modified":"2022-06-07T15:57:49","modified_gmt":"2022-06-07T15:57:49","slug":"quem-ameaca-a-liberdade-de-imprensa-no-brasil","status":"publish","type":"post","link":"https:\/\/tvbrazilusa.com\/pt\/2022\/06\/07\/quem-ameaca-a-liberdade-de-imprensa-no-brasil\/","title":{"rendered":"Quem amea\u00e7a a liberdade de imprensa no Brasil?"},"content":{"rendered":"<p><iframe  width=\"580\" height=\"385\" src=\"https:\/\/www.youtube.com\/embed\/ByNZcVUCCaA?modestbranding=1\" frameborder=\"0\" allowfullscreen><\/iframe><br \/>\n<br \/>No Dia Nacional da Liberdade de Imprensa, a milit\u00e2ncia de reda\u00e7\u00e3o faz campanha para defender o seu direito de express\u00e3o, enquanto defende a censura e a persegui\u00e7\u00e3o aos produtores independentes de conte\u00fado.<\/p>\n<p>J\u00e1 conhece o Ruschel sem Filtro?<\/p>\n<p>Tenha acesso a minha opini\u00e3o SEM CENSURA sobre pol\u00edtica, conservadorismo e economia. <\/p>\n<p>\u27a1\ufe0f Teste por 7 dias gr\u00e1tis o meu servi\u00e7o de assinatura:<br \/>\n<br \/><a href=\"https:\/\/www.youtube.com\/watch?v=ByNZcVUCCaA\">source<\/a><\/p>","protected":false},"excerpt":{"rendered":"<p>No Dia Nacional da Liberdade de Imprensa, a milit\u00e2ncia de reda\u00e7\u00e3o faz campanha para defender o seu direito de express\u00e3o, enquanto defende a censura e a persegui\u00e7\u00e3o aos produtores independentes&hellip;<\/p>","protected":false},"author":1,"featured_media":10318,"comment_status":"","ping_status":"open","sticky":false,"template":"","format":"standard","meta":{"content-type":"","footnotes":""},"categories":[1],"tags":[],"class_list":["post-10317","post","type-post","status-publish","format-standard","has-post-thumbnail","hentry","category-uncategorized"],"_links":{"self":[{"href":"https:\/\/tvbrazilusa.com\/pt\/wp-json\/wp\/v2\/posts\/10317","targetHints":{"allow":["GET"]}}],"collection":[{"href":"https:\/\/tvbrazilusa.com\/pt\/wp-json\/wp\/v2\/posts"}],"about":[{"href":"https:\/\/tvbrazilusa.com\/pt\/wp-json\/wp\/v2\/types\/post"}],"author":[{"embeddable":true,"href":"https:\/\/tvbrazilusa.com\/pt\/wp-json\/wp\/v2\/users\/1"}],"replies":[{"embeddable":true,"href":"https:\/\/tvbrazilusa.com\/pt\/wp-json\/wp\/v2\/comments?post=10317"}],"version-history":[{"count":0,"href":"https:\/\/tvbrazilusa.com\/pt\/wp-json\/wp\/v2\/posts\/10317\/revisions"}],"wp:featuredmedia":[{"embeddable":true,"href":"https:\/\/tvbrazilusa.com\/pt\/wp-json\/wp\/v2\/media\/10318"}],"wp:attachment":[{"href":"https:\/\/tvbrazilusa.com\/pt\/wp-json\/wp\/v2\/media?parent=10317"}],"wp:term":[{"taxonomy":"category","embeddable":true,"href":"https:\/\/tvbrazilusa.com\/pt\/wp-json\/wp\/v2\/categories?post=10317"},{"taxonomy":"post_tag","embeddable":true,"href":"https:\/\/tvbrazilusa.com\/pt\/wp-json\/wp\/v2\/tags?post=10317"}],"curies":[{"name":"wp","href":"https:\/\/api.w.org\/{rel}","templated":true}]}}