{"id":10331,"date":"2024-07-28T02:23:44","date_gmt":"2024-07-28T02:23:44","guid":{"rendered":"https:\/\/tvbrazilusa.com\/2024\/07\/28\/os-novos-filmes-dos-vingadores-da-marvel-terao-harrison-ford-e-robert-downey-jr-como-viloes-wsvn-7news-noticias-de-miami-clima-esportes-fort-lauderdale\/"},"modified":"2024-07-28T03:13:37","modified_gmt":"2024-07-28T03:13:37","slug":"os-novos-filmes-dos-vingadores-da-marvel-terao-harrison-ford-e-robert-downey-jr-como-viloes-wsvn-7news-noticias-de-miami-clima-esportes-fort-lauderdale","status":"publish","type":"post","link":"https:\/\/tvbrazilusa.com\/pt\/2024\/07\/28\/os-novos-filmes-dos-vingadores-da-marvel-terao-harrison-ford-e-robert-downey-jr-como-viloes-wsvn-7news-noticias-de-miami-clima-esportes-fort-lauderdale\/","title":{"rendered":"Os novos filmes dos Vingadores da Marvel ter\u00e3o Harrison Ford e Robert Downey Jr. como vil\u00f5es &#8211; WSVN 7News | Not\u00edcias de Miami, Clima, Esportes | Fort Lauderdale"},"content":{"rendered":"<p> <script async src=\"https:\/\/pagead2.googlesyndication.com\/pagead\/js\/adsbygoogle.js?client=ca-pub-8864793242727901\"\r\n     crossorigin=\"anonymous\"><\/script><br \/>\n<\/p>\n<div itemprop=\"articleBody\">\n<p>SAN DIEGO (AP) \u2014 A Marvel Studios deu in\u00edcio ao seu retorno \u00e0 San Diego Comic-Con com variantes dan\u00e7antes do Deadpool e um coral para um painel que incluiu not\u00edcias sobre os pr\u00f3ximos dois filmes dos &#8220;Vingadores&#8221; e convidados surpresa, incluindo Harrison Ford.<\/p>\n<p>Entre as surpresas: Robert Downey Jr. retornaria aos filmes da Marvel, mas n\u00e3o como Homem de Ferro. Ele interpretar\u00e1 o vil\u00e3o Victor Von Doom, ou Doutor Destino, em um dos pr\u00f3ximos filmes dos \u201cVingadores\u201d.<\/p>\n<p>O presidente da Marvel Studios, Kevin Feige, disse que, devido ao sucesso deste fim de semana de &#8220;Deadpool &#038; Wolverine&#8221;, o vasto Universo Cinematogr\u00e1fico Marvel agora ultrapassou US$ 30 bilh\u00f5es em ganhos de bilheteria. Em uma refer\u00eancia a uma cena do filme, um coral cantou &#8220;Like a Prayer&#8221; de Madonna antes de Feige falar.<\/p>\n<p>\u201cDeadpool &#038; Wolverine\u201d, lan\u00e7ado na quinta-feira, j\u00e1 quebrou um recorde e pode quebrar mais em seu fim de semana de estreia. Feige usou o painel de s\u00e1bado para tra\u00e7ar o curso \u00e0 frente para o MCU, revelando o personagem de Ford no pr\u00f3ximo filme do \u201cCapit\u00e3o Am\u00e9rica\u201d e revelando \u201cVingadores: Guerras Secretas\u201d e \u201cVingadores: Doomsday\u201d como os t\u00edtulos dos pr\u00f3ximos dois filmes da s\u00e9rie \u00e9pica de super-her\u00f3is.<\/p>\n<p>Feige disse que todos os atores apresentados no s\u00e1bado apareceriam nos pr\u00f3ximos filmes \u201cVingadores\u201d, que ser\u00e3o dirigidos por Joe e Anthony Russo. Os irm\u00e3os guiaram a franquia \u201cVingadores\u201d por seu enredo extenso coroado por \u201cVingadores: Ultimato\u201d em 2019.<\/p>\n<p>A sess\u00e3o acontece depois que a Marvel pulou a conven\u00e7\u00e3o no ano passado devido \u00e0s greves de Hollywood, que impediram escritores e atores de falarem nos pain\u00e9is. Feige est\u00e1 sendo acompanhado por v\u00e1rios convidados especiais, incluindo estrelas de pr\u00f3ximos t\u00edtulos da Marvel como \u201cCapit\u00e3o Am\u00e9rica: Admir\u00e1vel Mundo Novo\u201d, \u201cThunderbolts(asterisk)\u201d e \u201cThe Fantastic Four\u201d.<\/p>\n<p>O elenco de \u201cCapit\u00e3o Am\u00e9rica: Admir\u00e1vel Mundo Novo\u201d \u2014 Tim Blake Nelson, Danny Rameriez, Giancarlo Esposito e Anthony Mackie \u2014 subiu ao palco primeiro e deu detalhes sobre o pr\u00f3ximo filme. Esposito revelou que interpretar\u00e1 o vil\u00e3o, Seth Voelker, tamb\u00e9m conhecido como Sidewinder.<\/p>\n<p>O elenco ent\u00e3o se afastou para compartilhar uma cena do filme na tela grande, que revelou que o presidente Thaddeus \u201cThunderbolt\u201d Ross, interpretado por Ford, est\u00e1 esperando reconstruir os Vingadores com Sam Wilson, de Mackie. Tamb\u00e9m mostrou o personagem de Ford se transformar no Hulk Vermelho. O pr\u00f3prio Ford se juntou ao painel depois que os f\u00e3s foram presenteados com clipes do filme e flexionou seus m\u00fasculos para a multid\u00e3o barulhenta.<\/p>\n<p>O elenco e o diretor de \u201cThunderbolts(asterisk)\u201d tamb\u00e9m surpreenderam os f\u00e3s com um pequeno clipe do filme. Julia Louis-Dreyfus, Florence Pugh, Sebastian Stan e David Harbour (com traje completo e falando como o Red Guardian a princ\u00edpio) invadiram o palco e compartilharam mais alguns detalhes sobre seus personagens.<\/p>\n<p>O filme est\u00e1 previsto para ser lan\u00e7ado em maio de 2025.<\/p>\n<p>O \u00faltimo filme provocado no painel foi \u201cThe Fantastic Four,\u201d estrelando Pedro Pascal, Vanessa Kirby, Joseph Quinn e Ebon Moss-Bachrach. O filme come\u00e7ar\u00e1 a ser filmado na ter\u00e7a-feira em Londres, disse Feige.<\/p>\n<p>Ele disse que o filme chegar\u00e1 aos cinemas em quase exatamente um ano, em julho de 2025.<\/p>\n<p>Ap\u00f3s um v\u00eddeo criado pelo diretor Matt Shakman especificamente para a Comic-Con, que apresentou o elenco em toda a gl\u00f3ria dos anos 60, ele e Feige revelaram o t\u00edtulo oficial do filme, &#8220;The Fantastic Four: First Steps&#8221;.<\/p>\n<p>A Marvel j\u00e1 tomou conta do Hall H na quinta-feira com um painel el\u00e9trico celebrando &#8220;Deadpool &#038; Wolverine&#8221;, no qual o p\u00fablico foi presenteado com uma exibi\u00e7\u00e3o completa e convidados surpresa se juntando \u00e0s estrelas Ryan Reynolds e Hugh Jackman no palco.<\/p>\n<p>O crescente entusiasmo pelo filme na Comic-Con foi refletido por todo o pa\u00eds, enquanto os f\u00e3s correram para v\u00ea-lo nos cinemas, garantindo ao filme o novo recordista da pr\u00e9via de quinta-feira para um filme com classifica\u00e7\u00e3o R. O filme de hist\u00f3ria em quadrinhos vendeu cerca de US$ 38,5 milh\u00f5es em ingressos de cinema nas exibi\u00e7\u00f5es de pr\u00e9via na quinta-feira.<\/p>\n<p>O sucesso de \u201cDeadpool &#038; Wolverine\u201d despertou um ano sonolento para a Marvel e amenizou as preocupa\u00e7\u00f5es sobre seu baixo desempenho de bilheteria no final de 2023. A f\u00e1brica de super-her\u00f3is atingiu um recorde de baixa em novembro com o lan\u00e7amento de \u201cThe Marvels\u201d, que estreou com apenas US$ 47 milh\u00f5es.<\/p>\n<p><em>Copyright 2024 The Associated Press. Todos os direitos reservados. Este material n\u00e3o pode ser publicado, transmitido, reescrito ou redistribu\u00eddo.<\/em><\/p>\n<div class=\"wp-block-newsletter\">\n\t<strong class=\"wp-block-newsletter__title\">Inscreva-se em nossa Newsletter para receber as \u00faltimas not\u00edcias diretamente na sua caixa de entrada<\/strong><\/p>\n<\/div><\/div>\n<p><br \/>\n<br \/><a href=\"https:\/\/wsvn.com\/entertainment\/marvels-new-avengers-films-will-star-harrison-ford-and-robert-downey-jr-as-a-villain\/\">Source link <\/a><\/p>","protected":false},"excerpt":{"rendered":"<p>SAN DIEGO (AP) \u2014 A Marvel Studios deu in\u00edcio ao seu retorno \u00e0 San Diego Comic-Con com variantes dan\u00e7antes do Deadpool e um coral para um painel que incluiu not\u00edcias&hellip;<\/p>","protected":false},"author":1,"featured_media":10332,"comment_status":"closed","ping_status":"open","sticky":false,"template":"","format":"standard","meta":{"content-type":"","footnotes":""},"categories":[1],"tags":[],"class_list":["post-10331","post","type-post","status-publish","format-standard","has-post-thumbnail","hentry","category-uncategorized"],"_links":{"self":[{"href":"https:\/\/tvbrazilusa.com\/pt\/wp-json\/wp\/v2\/posts\/10331","targetHints":{"allow":["GET"]}}],"collection":[{"href":"https:\/\/tvbrazilusa.com\/pt\/wp-json\/wp\/v2\/posts"}],"about":[{"href":"https:\/\/tvbrazilusa.com\/pt\/wp-json\/wp\/v2\/types\/post"}],"author":[{"embeddable":true,"href":"https:\/\/tvbrazilusa.com\/pt\/wp-json\/wp\/v2\/users\/1"}],"replies":[{"embeddable":true,"href":"https:\/\/tvbrazilusa.com\/pt\/wp-json\/wp\/v2\/comments?post=10331"}],"version-history":[{"count":1,"href":"https:\/\/tvbrazilusa.com\/pt\/wp-json\/wp\/v2\/posts\/10331\/revisions"}],"predecessor-version":[{"id":10333,"href":"https:\/\/tvbrazilusa.com\/pt\/wp-json\/wp\/v2\/posts\/10331\/revisions\/10333"}],"wp:featuredmedia":[{"embeddable":true,"href":"https:\/\/tvbrazilusa.com\/pt\/wp-json\/wp\/v2\/media\/10332"}],"wp:attachment":[{"href":"https:\/\/tvbrazilusa.com\/pt\/wp-json\/wp\/v2\/media?parent=10331"}],"wp:term":[{"taxonomy":"category","embeddable":true,"href":"https:\/\/tvbrazilusa.com\/pt\/wp-json\/wp\/v2\/categories?post=10331"},{"taxonomy":"post_tag","embeddable":true,"href":"https:\/\/tvbrazilusa.com\/pt\/wp-json\/wp\/v2\/tags?post=10331"}],"curies":[{"name":"wp","href":"https:\/\/api.w.org\/{rel}","templated":true}]}}