{"id":103439,"date":"2025-02-16T15:17:51","date_gmt":"2025-02-16T15:17:51","guid":{"rendered":"https:\/\/tvbrazilusa.com\/2025\/02\/16\/denuncia-de-desvio-de-funcao-na-latam-resulta-em-audiencia-no-ministerio-publico-do-trabalho-veja\/"},"modified":"2025-02-16T15:17:53","modified_gmt":"2025-02-16T15:17:53","slug":"denuncia-de-desvio-de-funcao-na-latam-resulta-em-audiencia-no-ministerio-publico-do-trabalho-veja","status":"publish","type":"post","link":"https:\/\/tvbrazilusa.com\/pt\/2025\/02\/16\/denuncia-de-desvio-de-funcao-na-latam-resulta-em-audiencia-no-ministerio-publico-do-trabalho-veja\/","title":{"rendered":"Den\u00fancia de desvio de fun\u00e7\u00e3o na LATAM resulta em audi\u00eancia no Minist\u00e9rio P\u00fablico do Trabalho; veja"},"content":{"rendered":"<p> <script async src=\"https:\/\/pagead2.googlesyndication.com\/pagead\/js\/adsbygoogle.js?client=ca-pub-8864793242727901\"\r\n     crossorigin=\"anonymous\"><\/script><br \/>\n<\/p>\n<div id=\"taboola-read-more\" style=\"display:block; width:100%\">\n<p>O Sindicato Nacional dos Aeronautas (SNA) esteve presente em uma audi\u00eancia no Minist\u00e9rio P\u00fablico do Trabalho de S\u00e3o Paulo (MPT-SP) para discutir uma den\u00fancia contra a LATAM Airlines Brasil relacionada ao desvio de fun\u00e7\u00e3o dos comiss\u00e1rios de bordo na movimenta\u00e7\u00e3o das cortinas divis\u00f3rias nas aeronaves de fuselagem estreita.\n<\/p>\n<p>Ap\u00f3s v\u00e1rias tentativas de abordar o tema diretamente com a LATAM, o SNA solicitou a media\u00e7\u00e3o do MPT-SP. Contudo, esse pedido foi arquivado, levando o sindicato a apresentar formalmente a den\u00fancia, com o objetivo de que fosse instaurado um inqu\u00e9rito civil para investigar a quest\u00e3o.<\/p>\n<p>Durante a audi\u00eancia, ficou acordado que a LATAM ir\u00e1 considerar a contrata\u00e7\u00e3o de uma empresa externa para realizar uma pesquisa sobre os impactos ergon\u00f4micos da atribui\u00e7\u00e3o da movimenta\u00e7\u00e3o das cortinas divis\u00f3rias.\n<\/p>\n<p>Em contrapartida, o SNA se comprometeu a reunir mais documentos que comprovem a alega\u00e7\u00e3o de desvio de fun\u00e7\u00e3o.\n<\/p>\n<p>Fonte: Aeroin              <\/p>\n<\/div>\n<p><br \/>\n<br \/><a href=\"https:\/\/diariodobrasilnoticias.com.br\/noticia\/denuncia-de-desvio-de-funcao-na-latam-resulta-em-audiencia-no-ministerio-publico-do-trabalho-veja-67b1e24109208\">Source link <\/a><\/p>","protected":false},"excerpt":{"rendered":"<p>O Sindicato Nacional dos Aeronautas (SNA) esteve presente em uma audi\u00eancia no Minist\u00e9rio P\u00fablico do Trabalho de S\u00e3o Paulo (MPT-SP) para discutir uma den\u00fancia contra a LATAM Airlines Brasil relacionada&hellip;<\/p>","protected":false},"author":1,"featured_media":103440,"comment_status":"closed","ping_status":"open","sticky":false,"template":"","format":"standard","meta":{"content-type":"","footnotes":""},"categories":[16],"tags":[123,2448,5313,1267],"class_list":["post-103439","post","type-post","status-publish","format-standard","has-post-thumbnail","hentry","category-noticias","tag-brasil","tag-diario","tag-noticia","tag-noticias"],"_links":{"self":[{"href":"https:\/\/tvbrazilusa.com\/pt\/wp-json\/wp\/v2\/posts\/103439","targetHints":{"allow":["GET"]}}],"collection":[{"href":"https:\/\/tvbrazilusa.com\/pt\/wp-json\/wp\/v2\/posts"}],"about":[{"href":"https:\/\/tvbrazilusa.com\/pt\/wp-json\/wp\/v2\/types\/post"}],"author":[{"embeddable":true,"href":"https:\/\/tvbrazilusa.com\/pt\/wp-json\/wp\/v2\/users\/1"}],"replies":[{"embeddable":true,"href":"https:\/\/tvbrazilusa.com\/pt\/wp-json\/wp\/v2\/comments?post=103439"}],"version-history":[{"count":1,"href":"https:\/\/tvbrazilusa.com\/pt\/wp-json\/wp\/v2\/posts\/103439\/revisions"}],"predecessor-version":[{"id":103441,"href":"https:\/\/tvbrazilusa.com\/pt\/wp-json\/wp\/v2\/posts\/103439\/revisions\/103441"}],"wp:featuredmedia":[{"embeddable":true,"href":"https:\/\/tvbrazilusa.com\/pt\/wp-json\/wp\/v2\/media\/103440"}],"wp:attachment":[{"href":"https:\/\/tvbrazilusa.com\/pt\/wp-json\/wp\/v2\/media?parent=103439"}],"wp:term":[{"taxonomy":"category","embeddable":true,"href":"https:\/\/tvbrazilusa.com\/pt\/wp-json\/wp\/v2\/categories?post=103439"},{"taxonomy":"post_tag","embeddable":true,"href":"https:\/\/tvbrazilusa.com\/pt\/wp-json\/wp\/v2\/tags?post=103439"}],"curies":[{"name":"wp","href":"https:\/\/api.w.org\/{rel}","templated":true}]}}