{"id":103445,"date":"2025-02-16T15:31:32","date_gmt":"2025-02-16T15:31:32","guid":{"rendered":"https:\/\/tvbrazilusa.com\/2025\/02\/16\/entenda-como-funciona-a-sucessao-papal-e-o-que-acontece-nos-bastidores-do-vaticano\/"},"modified":"2025-02-16T15:31:34","modified_gmt":"2025-02-16T15:31:34","slug":"entenda-como-funciona-a-sucessao-papal-e-o-que-acontece-nos-bastidores-do-vaticano","status":"publish","type":"post","link":"https:\/\/tvbrazilusa.com\/pt\/2025\/02\/16\/entenda-como-funciona-a-sucessao-papal-e-o-que-acontece-nos-bastidores-do-vaticano\/","title":{"rendered":"Entenda como funciona a sucess\u00e3o papal e o que acontece nos bastidores do Vaticano"},"content":{"rendered":"<p> <script async src=\"https:\/\/pagead2.googlesyndication.com\/pagead\/js\/adsbygoogle.js?client=ca-pub-8864793242727901\"\r\n     crossorigin=\"anonymous\"><\/script><br \/>\n<\/p>\n<div id=\"taboola-read-more\" style=\"display:block; width:100%\">\n<p>Nos \u00faltimos tempos, a sa\u00fade do Papa Francisco tem levantado preocupa\u00e7\u00f5es. Aos 88 anos, ele j\u00e1 enfrentou algumas complica\u00e7\u00f5es respirat\u00f3rias e at\u00e9 cancelou compromissos. Recentemente, teve dificuldades para respirar durante uma missa e, no ano passado, precisou interromper a agenda por conta de um quadro gripal.\n<\/p>\n<p>Com esses epis\u00f3dios, surge uma pergunta inevit\u00e1vel: o que acontece se o pont\u00edfice falecer? Confira a seguir o que j\u00e1 se sabe sobre a sucess\u00e3o papal e como ela pode ser executada caso o Papa Francisco morra ou renuncie.<\/p>\n<p><strong>Como funciona a sucess\u00e3o papal<\/strong>\n<\/p>\n<p><strong>Vaticano em modo de transi\u00e7\u00e3o<\/strong>\n<\/p>\n<p>Caso o Papa morra, o Vaticano declara a chamada \u201cS\u00e9 Vacante\u201d, que \u00e9 o per\u00edodo em que n\u00e3o h\u00e1 um l\u00edder oficial da Igreja Cat\u00f3lica. Nessa fase, o Cardeal Camerlengo assume temporariamente algumas fun\u00e7\u00f5es administrativas e organiza os preparativos para a elei\u00e7\u00e3o do novo pont\u00edfice. Durante esse tempo, a C\u00faria Romana (o conjunto de \u00f3rg\u00e3os que governa a Igreja) tem suas atividades reduzidas, funcionando apenas para o essencial.\n<\/p>\n<p><strong>Como \u00e9 feita a escolha do novo papa?<\/strong>\n<\/p>\n<p>A sucess\u00e3o papal acontece atrav\u00e9s de um conclave, uma reuni\u00e3o secreta do Col\u00e9gio dos Cardeais no Vaticano. Apenas os cardeais com menos de 80 anos podem votar, e o grupo se re\u00fane na Capela Sistina para decidir quem ser\u00e1 o novo l\u00edder da Igreja.\n<\/p>\n<p>As vota\u00e7\u00f5es acontecem at\u00e9 quatro vezes por dia, e para ser eleito, um candidato precisa receber pelo menos dois ter\u00e7os dos votos. Se ningu\u00e9m atingir essa marca, o processo continua at\u00e9 que haja um consenso.\n<\/p>\n<p><strong>O mist\u00e9rio da fuma\u00e7a<\/strong>\n<\/p>\n<p>A cada vota\u00e7\u00e3o, as c\u00e9dulas s\u00e3o queimadas em uma chamin\u00e9 especial. Caso o papa ainda n\u00e3o tenha sido escolhido, a fuma\u00e7a liberada \u00e9 preta. J\u00e1 quando h\u00e1 um novo pont\u00edfice, a fuma\u00e7a sai branca, avisando ao mundo que a Igreja tem um novo l\u00edder.\n<\/p>\n<p><strong>Quem pode ser o pr\u00f3ximo Papa?<\/strong>\n<\/p>\n<p>Diferente de elei\u00e7\u00f5es pol\u00edticas, n\u00e3o h\u00e1 um sucessor definido previamente. O pr\u00f3ximo papa pode ser qualquer um dos cardeais eleg\u00edveis. Entre os favoritos, aparecem nomes como o cardeal italiano Matteo Zuppi e o filipino Luis Antonio Tagle, mas tudo pode mudar dentro do conclave.\n<\/p>\n<p><strong>O impacto para os fi\u00e9is<\/strong>\n<\/p>\n<p>A morte de um papa \u00e9 sempre um momento de grande impacto para a Igreja e seus mais de um bilh\u00e3o de fi\u00e9is ao redor do mundo. Enquanto o processo de sucess\u00e3o segue seu curso, a comunidade cat\u00f3lica aguarda com expectativa para saber quem ser\u00e1 o pr\u00f3ximo a ocupar o trono de S\u00e3o Pedro.\n<\/p>\n<p>Fonte: nsc total              <\/p>\n<\/div>\n<p><br \/>\n<br \/><a href=\"https:\/\/diariodobrasilnoticias.com.br\/noticia\/entenda-como-funciona-a-sucessao-papal-e-o-que-acontece-nos-bastidores-do-vaticano-67b1e44900463\">Source link <\/a><\/p>","protected":false},"excerpt":{"rendered":"<p>Nos \u00faltimos tempos, a sa\u00fade do Papa Francisco tem levantado preocupa\u00e7\u00f5es. Aos 88 anos, ele j\u00e1 enfrentou algumas complica\u00e7\u00f5es respirat\u00f3rias e at\u00e9 cancelou compromissos. Recentemente, teve dificuldades para respirar durante&hellip;<\/p>","protected":false},"author":1,"featured_media":103446,"comment_status":"closed","ping_status":"open","sticky":false,"template":"","format":"standard","meta":{"content-type":"","footnotes":""},"categories":[16],"tags":[123,2448,5313,1267],"class_list":["post-103445","post","type-post","status-publish","format-standard","has-post-thumbnail","hentry","category-noticias","tag-brasil","tag-diario","tag-noticia","tag-noticias"],"_links":{"self":[{"href":"https:\/\/tvbrazilusa.com\/pt\/wp-json\/wp\/v2\/posts\/103445","targetHints":{"allow":["GET"]}}],"collection":[{"href":"https:\/\/tvbrazilusa.com\/pt\/wp-json\/wp\/v2\/posts"}],"about":[{"href":"https:\/\/tvbrazilusa.com\/pt\/wp-json\/wp\/v2\/types\/post"}],"author":[{"embeddable":true,"href":"https:\/\/tvbrazilusa.com\/pt\/wp-json\/wp\/v2\/users\/1"}],"replies":[{"embeddable":true,"href":"https:\/\/tvbrazilusa.com\/pt\/wp-json\/wp\/v2\/comments?post=103445"}],"version-history":[{"count":1,"href":"https:\/\/tvbrazilusa.com\/pt\/wp-json\/wp\/v2\/posts\/103445\/revisions"}],"predecessor-version":[{"id":103447,"href":"https:\/\/tvbrazilusa.com\/pt\/wp-json\/wp\/v2\/posts\/103445\/revisions\/103447"}],"wp:featuredmedia":[{"embeddable":true,"href":"https:\/\/tvbrazilusa.com\/pt\/wp-json\/wp\/v2\/media\/103446"}],"wp:attachment":[{"href":"https:\/\/tvbrazilusa.com\/pt\/wp-json\/wp\/v2\/media?parent=103445"}],"wp:term":[{"taxonomy":"category","embeddable":true,"href":"https:\/\/tvbrazilusa.com\/pt\/wp-json\/wp\/v2\/categories?post=103445"},{"taxonomy":"post_tag","embeddable":true,"href":"https:\/\/tvbrazilusa.com\/pt\/wp-json\/wp\/v2\/tags?post=103445"}],"curies":[{"name":"wp","href":"https:\/\/api.w.org\/{rel}","templated":true}]}}