{"id":103450,"date":"2025-02-16T15:45:07","date_gmt":"2025-02-16T15:45:07","guid":{"rendered":"https:\/\/tvbrazilusa.com\/2025\/02\/16\/petismo-pressiona-a-pgr-para-denunciar-bolsonaro-rapidamente\/"},"modified":"2025-02-16T15:45:08","modified_gmt":"2025-02-16T15:45:08","slug":"petismo-pressiona-a-pgr-para-denunciar-bolsonaro-rapidamente","status":"publish","type":"post","link":"https:\/\/tvbrazilusa.com\/pt\/2025\/02\/16\/petismo-pressiona-a-pgr-para-denunciar-bolsonaro-rapidamente\/","title":{"rendered":"Petismo pressiona a PGR para denunciar Bolsonaro rapidamente"},"content":{"rendered":"<p> <script async src=\"https:\/\/pagead2.googlesyndication.com\/pagead\/js\/adsbygoogle.js?client=ca-pub-8864793242727901\"\r\n     crossorigin=\"anonymous\"><\/script><br \/>\n<\/p>\n<div id=\"taboola-read-more\" style=\"display:block; width:100%\">\n<p>Ap\u00f3s a mais recente pesquisa Datafolha acender \u201csinal de alerta\u201d, parlamentares petistas projetam a den\u00fancia da Procuradoria Geral da Rep\u00fablica (PGR) sobre suposto plano de golpe articulado durante a gest\u00e3o de Jair Bolsonaro como a pr\u00f3xima \u201cCruzada\u201d e uma oportunidade para estancar a perda de popularidade do governo.\n<\/p>\n<p>Vice-l\u00edder do governo na C\u00e2mara, Rog\u00e9rio Correia (PT-MG) disse \u00e0 CNN que as an\u00e1lises da situa\u00e7\u00e3o sobre a pesquisa \u2014 que mostra Lula com menor n\u00edvel de aprova\u00e7\u00e3o dentre seus tr\u00eas mandatos (24%) \u2014 devem ser aprofundadas na pr\u00f3xima semana. Mas indicou que, preliminarmente, h\u00e1 percep\u00e7\u00e3o de que a base precisa acirrar a disputa comunicacional.<\/p>\n<p>\u201cA pesquisa \u00e9 um sinal de alerta de que precisamos fazer um embate pol\u00edtico mais firme contra a oposi\u00e7\u00e3o. A den\u00fancia da PGR \u00e9 um elemento que vai acirrar esta disputa. Temos que estar preparados para este momento. \u00c9 um tema da maior relev\u00e2ncia, que diz respeito \u00e0 democracia\u201d, disse \u00e0 CNN.\n<\/p>\n<p>Alencar Santana (PT-SP), tamb\u00e9m vice-l\u00edder do governo na C\u00e2mara, reitera \u00e0 CNN a avalia\u00e7\u00e3o de que h\u00e1 uma janela de oportunidade para acirrar a disputa comunicacional: \u201cTudo indica que esta den\u00fancia vai acontecer. E caso aconte\u00e7a temos que demonstrar o que ela significa. \u00c9 um tema importante\u201d, disse.\n<\/p>\n<p>O deputado defende que desde a mudan\u00e7a da chefia da Secretaria de Comunica\u00e7\u00e3o Social (Secom), com a chegada do ministro Sid\u00f4nio Palmeira, h\u00e1 um esfor\u00e7o na dire\u00e7\u00e3o de tornar a comunica\u00e7\u00e3o do governo mais proativa.\n<\/p>\n<p>\u201cO governo tem mudado sua postura pol\u00edtica, que tende a dar resultado. O presidente voltou a andar mais pelo pa\u00eds. Colocou seus ministros para andarem pelo pa\u00eds tamb\u00e9m, para falarem, espalharem os feitos do governo\u201d, completou.\n<\/p>\n<p>A expectativa \u00e9 de que a PGR apresente uma primeira den\u00fancia sobre o suposto plano golpista at\u00e9 o final deste m\u00eas. O Supremo Tribunal Federal (STF) tem a inten\u00e7\u00e3o de finalizar a an\u00e1lise da den\u00fancia ainda neste ano. Bolsonaro nega participa\u00e7\u00e3o e sua defesa tem se posicionado contra o relat\u00f3rio da Pol\u00edcia Federal (PF).\n<\/p>\n<p><strong>Peso da economia<\/strong>\n<\/p>\n<p>Os parlamentares defendem que a economia brasileira vive um bom momento, com a atividade econ\u00f4mica e o emprego em alta, mas admitem que a alta de pre\u00e7os, especialmente dos alimentos, precisa ser atacada e revertida.\n<\/p>\n<p>Na vis\u00e3o dos deputados consultados pela CNN, medidas anunciadas recentemente, como a amplia\u00e7\u00e3o da gratuidade de medicamentos no Farm\u00e1cia Popular, o \u201cG\u00e1s para Todos\u201d e o \u201cDesenrola Rural\u201d devem refor\u00e7ar poder de compra dos brasileiros ajudar a reverter parte das perdas em popularidade.\n<\/p>\n<p>Fonte: CNN              <\/p>\n<\/div>\n<p><br \/>\n<br \/><a href=\"https:\/\/diariodobrasilnoticias.com.br\/noticia\/petismo-pressiona-a-pgr-para-denunciar-bolsonaro-rapidamente-67b1e7967f994\">Source link <\/a><\/p>","protected":false},"excerpt":{"rendered":"<p>Ap\u00f3s a mais recente pesquisa Datafolha acender \u201csinal de alerta\u201d, parlamentares petistas projetam a den\u00fancia da Procuradoria Geral da Rep\u00fablica (PGR) sobre suposto plano de golpe articulado durante a gest\u00e3o&hellip;<\/p>","protected":false},"author":1,"featured_media":103451,"comment_status":"closed","ping_status":"open","sticky":false,"template":"","format":"standard","meta":{"content-type":"","footnotes":""},"categories":[16],"tags":[123,2448,5313,1267],"class_list":["post-103450","post","type-post","status-publish","format-standard","has-post-thumbnail","hentry","category-noticias","tag-brasil","tag-diario","tag-noticia","tag-noticias"],"_links":{"self":[{"href":"https:\/\/tvbrazilusa.com\/pt\/wp-json\/wp\/v2\/posts\/103450","targetHints":{"allow":["GET"]}}],"collection":[{"href":"https:\/\/tvbrazilusa.com\/pt\/wp-json\/wp\/v2\/posts"}],"about":[{"href":"https:\/\/tvbrazilusa.com\/pt\/wp-json\/wp\/v2\/types\/post"}],"author":[{"embeddable":true,"href":"https:\/\/tvbrazilusa.com\/pt\/wp-json\/wp\/v2\/users\/1"}],"replies":[{"embeddable":true,"href":"https:\/\/tvbrazilusa.com\/pt\/wp-json\/wp\/v2\/comments?post=103450"}],"version-history":[{"count":1,"href":"https:\/\/tvbrazilusa.com\/pt\/wp-json\/wp\/v2\/posts\/103450\/revisions"}],"predecessor-version":[{"id":103452,"href":"https:\/\/tvbrazilusa.com\/pt\/wp-json\/wp\/v2\/posts\/103450\/revisions\/103452"}],"wp:featuredmedia":[{"embeddable":true,"href":"https:\/\/tvbrazilusa.com\/pt\/wp-json\/wp\/v2\/media\/103451"}],"wp:attachment":[{"href":"https:\/\/tvbrazilusa.com\/pt\/wp-json\/wp\/v2\/media?parent=103450"}],"wp:term":[{"taxonomy":"category","embeddable":true,"href":"https:\/\/tvbrazilusa.com\/pt\/wp-json\/wp\/v2\/categories?post=103450"},{"taxonomy":"post_tag","embeddable":true,"href":"https:\/\/tvbrazilusa.com\/pt\/wp-json\/wp\/v2\/tags?post=103450"}],"curies":[{"name":"wp","href":"https:\/\/api.w.org\/{rel}","templated":true}]}}