{"id":103471,"date":"2025-02-16T17:00:36","date_gmt":"2025-02-16T17:00:36","guid":{"rendered":"https:\/\/tvbrazilusa.com\/2025\/02\/16\/professor-de-futebol-e-morto-por-populares-apos-surgir-video-no-qual-ele-estuprava-menores-de-idade-saiba-mais-detalhes-do-caso\/"},"modified":"2025-02-16T17:00:38","modified_gmt":"2025-02-16T17:00:38","slug":"professor-de-futebol-e-morto-por-populares-apos-surgir-video-no-qual-ele-estuprava-menores-de-idade-saiba-mais-detalhes-do-caso","status":"publish","type":"post","link":"https:\/\/tvbrazilusa.com\/pt\/2025\/02\/16\/professor-de-futebol-e-morto-por-populares-apos-surgir-video-no-qual-ele-estuprava-menores-de-idade-saiba-mais-detalhes-do-caso\/","title":{"rendered":"Professor de futebol \u00e9 morto por populares, ap\u00f3s surgir v\u00eddeo no qual ele estuprava menores de idade; saiba mais detalhes do caso"},"content":{"rendered":"<p> <script async src=\"https:\/\/pagead2.googlesyndication.com\/pagead\/js\/adsbygoogle.js?client=ca-pub-8864793242727901\"\r\n     crossorigin=\"anonymous\"><\/script><br \/>\n<\/p>\n<div>\n<figure class=\"post-image\">\n<\/figure>\n<p>            <span style=\"font-size: 12px\">Divulga\u00e7\u00e3o<\/span><\/p>\n<p>            <!-- end metas --><br \/>\n            <!-- ADS --><\/p>\n<div id=\"taboola-read-more\" style=\"display:block; width:100%\">\n<p>Um homem de 45 anos, que atuava como professor de futebol, morreu ap\u00f3s ser agredido por populares na tarde deste s\u00e1bado (15), no bairro do Valentina, em Jo\u00e3o Pessoa. A agress\u00e3o ocorreu ap\u00f3s a divulga\u00e7\u00e3o de um v\u00eddeo em que o professor comete estupro contra menores de idade.\n<\/p>\n<p>Segundo informa\u00e7\u00f5es da Pol\u00edcia Militar (PM), o professor foi retirado de sua resid\u00eancia por moradores revoltados e agredido. Ele tentou fugir, mas foi contido pela popula\u00e7\u00e3o. A PM foi acionada e encontrou o suspeito cinco casas depois do local das agress\u00f5es.<\/p>\n<p>O Servi\u00e7o de Atendimento M\u00f3vel de Urg\u00eancia (SAMU) foi acionado e encaminhou o professor para o Hospital de Trauma de Jo\u00e3o Pessoa, onde ele recebeu atendimento m\u00e9dico.\n<\/p>\n<p>O Hospital de Trauma de Jo\u00e3o Pessoa informou que o professor deu entrada na unidade no final da tarde de s\u00e1bado, mas n\u00e3o resistiu aos ferimentos e morreu. O socorrista do SAMU que atendeu o homem relatou que ele apresentava fraturas nas pernas, bra\u00e7os e sinais de agress\u00e3o na boca.\n<\/p>\n<p>Segundo a Pol\u00edcia Militar, as v\u00edtimas tinham entre 11 e 14 anos.\n<\/p>\n<p>Fonte: Portal T5              <\/p>\n<\/div>\n<p>                        <!-- Scripts para conteudo --><\/p>\n<p>            <!-- .\/Scripts para conteudo --><br \/>\n            <!-- .\/Mat\u00e9ria --><\/p>\n<div class=\"row mt-3\">\n<div class=\"col-sm-6\">\n                <!-- Whatsapp channel 3--><br \/>\n                <a href=\"https:\/\/chat.whatsapp.com\/B8Qy6Erx4kb6yTzj3kaDco\" target=\"_blank\"><br \/>\n                  <img decoding=\"async\" src=\"https:\/\/diariodobrasilnoticias.com.br\/assets-site\/images\/bot_whatsapp.png\"\/><\/a>\n              <\/div>\n<div class=\"col-sm-6\">\n                <a href=\"https:\/\/t.me\/+_4gTmi5LKo03OTM5\" target=\"_blank\"><br \/>\n                  <img decoding=\"async\" src=\"https:\/\/diariodobrasilnoticias.com.br\/assets-site\/images\/bot_telegram.png\"\/><\/a>\n              <\/div>\n<\/p><\/div>\n<p>            <!-- end post-navigation --><\/p>\n<p>              <!-- end row --><\/p>\n<p>              <!-- end col-12-->\n                      <\/div>\n<p><br \/>\n<br \/><a href=\"https:\/\/diariodobrasilnoticias.com.br\/noticia\/professor-de-futebol-e-morto-por-populares-apos-surgir-video-no-qual-ele-estuprava-menores-de-idade-saiba-mais-detalhes-do-caso-67b1f521ddd87\">Source link <\/a><\/p>","protected":false},"excerpt":{"rendered":"<p>Divulga\u00e7\u00e3o Um homem de 45 anos, que atuava como professor de futebol, morreu ap\u00f3s ser agredido por populares na tarde deste s\u00e1bado (15), no bairro do Valentina, em Jo\u00e3o Pessoa.&hellip;<\/p>","protected":false},"author":1,"featured_media":103472,"comment_status":"closed","ping_status":"open","sticky":false,"template":"","format":"standard","meta":{"content-type":"","footnotes":""},"categories":[16],"tags":[123,2448,5313,1267],"class_list":["post-103471","post","type-post","status-publish","format-standard","has-post-thumbnail","hentry","category-noticias","tag-brasil","tag-diario","tag-noticia","tag-noticias"],"_links":{"self":[{"href":"https:\/\/tvbrazilusa.com\/pt\/wp-json\/wp\/v2\/posts\/103471","targetHints":{"allow":["GET"]}}],"collection":[{"href":"https:\/\/tvbrazilusa.com\/pt\/wp-json\/wp\/v2\/posts"}],"about":[{"href":"https:\/\/tvbrazilusa.com\/pt\/wp-json\/wp\/v2\/types\/post"}],"author":[{"embeddable":true,"href":"https:\/\/tvbrazilusa.com\/pt\/wp-json\/wp\/v2\/users\/1"}],"replies":[{"embeddable":true,"href":"https:\/\/tvbrazilusa.com\/pt\/wp-json\/wp\/v2\/comments?post=103471"}],"version-history":[{"count":1,"href":"https:\/\/tvbrazilusa.com\/pt\/wp-json\/wp\/v2\/posts\/103471\/revisions"}],"predecessor-version":[{"id":103473,"href":"https:\/\/tvbrazilusa.com\/pt\/wp-json\/wp\/v2\/posts\/103471\/revisions\/103473"}],"wp:featuredmedia":[{"embeddable":true,"href":"https:\/\/tvbrazilusa.com\/pt\/wp-json\/wp\/v2\/media\/103472"}],"wp:attachment":[{"href":"https:\/\/tvbrazilusa.com\/pt\/wp-json\/wp\/v2\/media?parent=103471"}],"wp:term":[{"taxonomy":"category","embeddable":true,"href":"https:\/\/tvbrazilusa.com\/pt\/wp-json\/wp\/v2\/categories?post=103471"},{"taxonomy":"post_tag","embeddable":true,"href":"https:\/\/tvbrazilusa.com\/pt\/wp-json\/wp\/v2\/tags?post=103471"}],"curies":[{"name":"wp","href":"https:\/\/api.w.org\/{rel}","templated":true}]}}