{"id":103483,"date":"2025-02-16T17:46:24","date_gmt":"2025-02-16T17:46:24","guid":{"rendered":"https:\/\/tvbrazilusa.com\/2025\/02\/16\/homem-e-baleado-na-mao-apos-discussao-por-causa-de-oracao\/"},"modified":"2025-02-16T17:46:25","modified_gmt":"2025-02-16T17:46:25","slug":"homem-e-baleado-na-mao-apos-discussao-por-causa-de-oracao","status":"publish","type":"post","link":"https:\/\/tvbrazilusa.com\/pt\/2025\/02\/16\/homem-e-baleado-na-mao-apos-discussao-por-causa-de-oracao\/","title":{"rendered":"Homem \u00e9 baleado na m\u00e3o ap\u00f3s discuss\u00e3o por causa de ora\u00e7\u00e3o"},"content":{"rendered":"<p> <script async src=\"https:\/\/pagead2.googlesyndication.com\/pagead\/js\/adsbygoogle.js?client=ca-pub-8864793242727901\"\r\n     crossorigin=\"anonymous\"><\/script><br \/>\n<\/p>\n<div id=\"taboola-read-more\" style=\"display:block; width:100%\">\n<p>Um homem foi baleado na manh\u00e3 do \u00faltimo s\u00e1bado (15) na regi\u00e3o metropolitana de Aracaju (SE) ap\u00f3s uma discuss\u00e3o iniciada por causa de uma ora\u00e7\u00e3o.\n<\/p>\n<p>O autor dos disparos foi um vizinho, que teria se irritado ap\u00f3s a m\u00e3e da v\u00edtima fazer uma ora\u00e7\u00e3o.<\/p>\n<p>Conforme apurado pela CNN, a mulher informou \u00e0 Pol\u00edcia Militar que, durante uma discuss\u00e3o com o vizinho, ele sacou uma arma e atirou em sua dire\u00e7\u00e3o. No momento do disparo, seu filho passou na frente com o objetivo de defend\u00ea-la e foi baleado em uma das m\u00e3os.\n<\/p>\n<p>A briga teria iniciado ap\u00f3s a mulher fazer uma ora\u00e7\u00e3o, o que teria desagradado o suspeito. Segundo a mulher, os desentendimentos entre ela e o vizinho eram recorrentes.\n<\/p>\n<p>O homem baleado informou \u00e0 PM que o criminoso fugiu junto \u00e0 esposa em um carro de aplicativo. Posteriormente, a v\u00edtima foi encaminhada \u00e0 Unidade de Pronto Atendimento (UPA) Vereador Jairo Joaquim dos Santos para atendimento m\u00e9dico.\n<\/p>\n<p>O caso foi registrado como tentativa de homic\u00eddio no Departamento de Homic\u00eddios e Prote\u00e7\u00e3o \u00e0 Pessoa (DHPP) de Aracaju. At\u00e9 o momento, ningu\u00e9m foi preso.\n<\/p>\n<p>Fonte: CNN              <\/p>\n<\/div>\n<p><br \/>\n<br \/><a href=\"https:\/\/diariodobrasilnoticias.com.br\/noticia\/homem-e-baleado-na-mao-apos-discussao-por-causa-de-oracao-67b1f96335244\">Source link <\/a><\/p>","protected":false},"excerpt":{"rendered":"<p>Um homem foi baleado na manh\u00e3 do \u00faltimo s\u00e1bado (15) na regi\u00e3o metropolitana de Aracaju (SE) ap\u00f3s uma discuss\u00e3o iniciada por causa de uma ora\u00e7\u00e3o. O autor dos disparos foi&hellip;<\/p>","protected":false},"author":1,"featured_media":103484,"comment_status":"closed","ping_status":"open","sticky":false,"template":"","format":"standard","meta":{"content-type":"","footnotes":""},"categories":[16],"tags":[123,2448,5313,1267],"class_list":["post-103483","post","type-post","status-publish","format-standard","has-post-thumbnail","hentry","category-noticias","tag-brasil","tag-diario","tag-noticia","tag-noticias"],"_links":{"self":[{"href":"https:\/\/tvbrazilusa.com\/pt\/wp-json\/wp\/v2\/posts\/103483","targetHints":{"allow":["GET"]}}],"collection":[{"href":"https:\/\/tvbrazilusa.com\/pt\/wp-json\/wp\/v2\/posts"}],"about":[{"href":"https:\/\/tvbrazilusa.com\/pt\/wp-json\/wp\/v2\/types\/post"}],"author":[{"embeddable":true,"href":"https:\/\/tvbrazilusa.com\/pt\/wp-json\/wp\/v2\/users\/1"}],"replies":[{"embeddable":true,"href":"https:\/\/tvbrazilusa.com\/pt\/wp-json\/wp\/v2\/comments?post=103483"}],"version-history":[{"count":1,"href":"https:\/\/tvbrazilusa.com\/pt\/wp-json\/wp\/v2\/posts\/103483\/revisions"}],"predecessor-version":[{"id":103485,"href":"https:\/\/tvbrazilusa.com\/pt\/wp-json\/wp\/v2\/posts\/103483\/revisions\/103485"}],"wp:featuredmedia":[{"embeddable":true,"href":"https:\/\/tvbrazilusa.com\/pt\/wp-json\/wp\/v2\/media\/103484"}],"wp:attachment":[{"href":"https:\/\/tvbrazilusa.com\/pt\/wp-json\/wp\/v2\/media?parent=103483"}],"wp:term":[{"taxonomy":"category","embeddable":true,"href":"https:\/\/tvbrazilusa.com\/pt\/wp-json\/wp\/v2\/categories?post=103483"},{"taxonomy":"post_tag","embeddable":true,"href":"https:\/\/tvbrazilusa.com\/pt\/wp-json\/wp\/v2\/tags?post=103483"}],"curies":[{"name":"wp","href":"https:\/\/api.w.org\/{rel}","templated":true}]}}