{"id":103489,"date":"2025-02-16T18:12:11","date_gmt":"2025-02-16T18:12:11","guid":{"rendered":"https:\/\/tvbrazilusa.com\/2025\/02\/16\/terceira-geracao-da-ia-grok-de-elon-musk-vai-estar-disponivel-a-partir-desta-segunda-feira-17-a-mais-inteligente-do-mundo\/"},"modified":"2025-02-16T18:12:12","modified_gmt":"2025-02-16T18:12:12","slug":"terceira-geracao-da-ia-grok-de-elon-musk-vai-estar-disponivel-a-partir-desta-segunda-feira-17-a-mais-inteligente-do-mundo","status":"publish","type":"post","link":"https:\/\/tvbrazilusa.com\/pt\/2025\/02\/16\/terceira-geracao-da-ia-grok-de-elon-musk-vai-estar-disponivel-a-partir-desta-segunda-feira-17-a-mais-inteligente-do-mundo\/","title":{"rendered":"Terceira gera\u00e7\u00e3o da IA Grok, de Elon Musk, vai estar dispon\u00edvel a partir desta segunda-feira (17): &#8216;a mais inteligente do mundo&#8217;"},"content":{"rendered":"<p> <script async src=\"https:\/\/pagead2.googlesyndication.com\/pagead\/js\/adsbygoogle.js?client=ca-pub-8864793242727901\"\r\n     crossorigin=\"anonymous\"><\/script><br \/>\n<\/p>\n<div id=\"taboola-read-more\" style=\"display:block; width:100%\">\n<p>O bilion\u00e1rio dono da Tesla, Elon Musk, disse neste domingo (16), que lan\u00e7ar\u00e1 a terceira gera\u00e7\u00e3o de seu chatbot de intelig\u00eancia artificial (IA), o Grok 3, na segunda-feira (17).\n<\/p>\n<p>Em publica\u00e7\u00e3o no X, rede social de sua propriedade, ele prometeu que a ferramenta ser\u00e1 a \u201cmais inteligente do mundo\u201d.<\/p>\n<p>O an\u00fancio acontece em uma crescente concorr\u00eancia de empresas no mercado de tecnologia, tamb\u00e9m de olho no ChatGPT, da Open IA, e na chinesa DeepSeek.\n<\/p>\n<p>Na \u00faltima semana, tamb\u00e9m na China, o Baidu afirmou que planeja disponibilizar seu chatbot de IA, Ernie Bot, gratuitamente para usu\u00e1rios de desktop e dispositivos m\u00f3veis.\n<\/p>\n<p>Fonte: Pleno.News              <\/p>\n<\/div>\n<p><br \/>\n<br \/><a href=\"https:\/\/diariodobrasilnoticias.com.br\/noticia\/terceira-geracao-da-ia-grok-de-elon-musk-vai-estar-disponivel-a-partir-desta-segunda-feira-17-a-mais-inteligente-do-mundo-67b1fcdbaa022\">Source link <\/a><\/p>","protected":false},"excerpt":{"rendered":"<p>O bilion\u00e1rio dono da Tesla, Elon Musk, disse neste domingo (16), que lan\u00e7ar\u00e1 a terceira gera\u00e7\u00e3o de seu chatbot de intelig\u00eancia artificial (IA), o Grok 3, na segunda-feira (17). Em&hellip;<\/p>","protected":false},"author":1,"featured_media":103490,"comment_status":"closed","ping_status":"open","sticky":false,"template":"","format":"standard","meta":{"content-type":"","footnotes":""},"categories":[16],"tags":[123,2448,5313,1267],"class_list":["post-103489","post","type-post","status-publish","format-standard","has-post-thumbnail","hentry","category-noticias","tag-brasil","tag-diario","tag-noticia","tag-noticias"],"_links":{"self":[{"href":"https:\/\/tvbrazilusa.com\/pt\/wp-json\/wp\/v2\/posts\/103489","targetHints":{"allow":["GET"]}}],"collection":[{"href":"https:\/\/tvbrazilusa.com\/pt\/wp-json\/wp\/v2\/posts"}],"about":[{"href":"https:\/\/tvbrazilusa.com\/pt\/wp-json\/wp\/v2\/types\/post"}],"author":[{"embeddable":true,"href":"https:\/\/tvbrazilusa.com\/pt\/wp-json\/wp\/v2\/users\/1"}],"replies":[{"embeddable":true,"href":"https:\/\/tvbrazilusa.com\/pt\/wp-json\/wp\/v2\/comments?post=103489"}],"version-history":[{"count":1,"href":"https:\/\/tvbrazilusa.com\/pt\/wp-json\/wp\/v2\/posts\/103489\/revisions"}],"predecessor-version":[{"id":103491,"href":"https:\/\/tvbrazilusa.com\/pt\/wp-json\/wp\/v2\/posts\/103489\/revisions\/103491"}],"wp:featuredmedia":[{"embeddable":true,"href":"https:\/\/tvbrazilusa.com\/pt\/wp-json\/wp\/v2\/media\/103490"}],"wp:attachment":[{"href":"https:\/\/tvbrazilusa.com\/pt\/wp-json\/wp\/v2\/media?parent=103489"}],"wp:term":[{"taxonomy":"category","embeddable":true,"href":"https:\/\/tvbrazilusa.com\/pt\/wp-json\/wp\/v2\/categories?post=103489"},{"taxonomy":"post_tag","embeddable":true,"href":"https:\/\/tvbrazilusa.com\/pt\/wp-json\/wp\/v2\/tags?post=103489"}],"curies":[{"name":"wp","href":"https:\/\/api.w.org\/{rel}","templated":true}]}}