{"id":103492,"date":"2025-02-16T18:23:02","date_gmt":"2025-02-16T18:23:02","guid":{"rendered":"https:\/\/tvbrazilusa.com\/2025\/02\/16\/empresa-espacial-de-jeff-bezos-concorrente-da-spacex-vai-demitir-1-400-funcionarios\/"},"modified":"2025-02-16T18:23:03","modified_gmt":"2025-02-16T18:23:03","slug":"empresa-espacial-de-jeff-bezos-concorrente-da-spacex-vai-demitir-1-400-funcionarios","status":"publish","type":"post","link":"https:\/\/tvbrazilusa.com\/pt\/2025\/02\/16\/empresa-espacial-de-jeff-bezos-concorrente-da-spacex-vai-demitir-1-400-funcionarios\/","title":{"rendered":"Empresa espacial de Jeff Bezos concorrente da SpaceX vai demitir 1.400 funcion\u00e1rios"},"content":{"rendered":"<p> <script async src=\"https:\/\/pagead2.googlesyndication.com\/pagead\/js\/adsbygoogle.js?client=ca-pub-8864793242727901\"\r\n     crossorigin=\"anonymous\"><\/script><br \/>\n<\/p>\n<div id=\"taboola-read-more\" style=\"display:block; width:100%\">\n<p>A Blue Origin, empresa espacial de Jeff Bezos, anunciou que ir\u00e1 demitir cerca de 1.400 funcion\u00e1rios, representando aproximadamente 10% de sua for\u00e7a de trabalho. A decis\u00e3o foi comunicada num e-mail interno.\n<\/p>\n<p>De acordo com o memorando do presidente-executivo da Blue Origin, Dave Limp, que a \u2018BBC\u2019 teve acesso, a medida visa a redu\u00e7\u00e3o de cargos de gest\u00e3o e a concentra\u00e7\u00e3o de recursos na acelera\u00e7\u00e3o dos lan\u00e7amentos de foguetes. A Blue Origin, que recentemente concluiu o primeiro voo de teste do New Glenn, est\u00e1 focada em aumentar a produ\u00e7\u00e3o e a efici\u00eancia para dar resposta \u00e0s suas necessidades futuras.<\/p>\n<p>Dave Limp destacou que a empresa precisa de adaptar a sua organiza\u00e7\u00e3o \u00e0s novas prioridades e acelerar o seu ritmo de lan\u00e7amentos. O foco da Blue Origin para 2025 e al\u00e9m est\u00e1 em aumentar a sua produ\u00e7\u00e3o e melhorar a efici\u00eancia operacional, com o objetivo de oferecer servi\u00e7os de lan\u00e7amento mais r\u00e1pidos para os seus clientes.\n<\/p>\n<p>Al\u00e9m dos cortes em cargos de gest\u00e3o, a reestrutura\u00e7\u00e3o afetar\u00e1 tamb\u00e9m \u00e1reas de Investiga\u00e7\u00e3o e Desenvolvimento (I&#038;D) e engenharia.\n<\/p>\n<p>Fundada em 2000, a Blue Origin tem sido um concorrente relevante na corrida espacial privada, mas tem ficado atr\u00e1s de rivais como a SpaceX, de Elon Musk.\n<\/p>\n<p>Contudo, o recente lan\u00e7amento do New Glenn representa um avan\u00e7o significativo para a empresa, que espera utilizar o foguete para lan\u00e7ar grandes cargas, como sat\u00e9lites, ao espa\u00e7o. O New Glenn \u00e9 mais potente que o Falcon 9 da SpaceX e poder\u00e1 desempenhar um papel fundamental no Projeto Kuiper, de Bezos, que visa implantar milhares de sat\u00e9lites de banda larga para competir diretamente com o servi\u00e7o Starlink da SpaceX.\n<\/p>\n<p>Fonte: Executive Digest              <\/p>\n<\/div>\n<p><br \/>\n<br \/><a href=\"https:\/\/diariodobrasilnoticias.com.br\/noticia\/empresa-espacial-de-jeff-bezos-concorrente-da-spacex-vai-demitir-1-400-funcionarios-67b201c574433\">Source link <\/a><\/p>","protected":false},"excerpt":{"rendered":"<p>A Blue Origin, empresa espacial de Jeff Bezos, anunciou que ir\u00e1 demitir cerca de 1.400 funcion\u00e1rios, representando aproximadamente 10% de sua for\u00e7a de trabalho. A decis\u00e3o foi comunicada num e-mail&hellip;<\/p>","protected":false},"author":1,"featured_media":103493,"comment_status":"closed","ping_status":"open","sticky":false,"template":"","format":"standard","meta":{"content-type":"","footnotes":""},"categories":[16],"tags":[123,2448,5313,1267],"class_list":["post-103492","post","type-post","status-publish","format-standard","has-post-thumbnail","hentry","category-noticias","tag-brasil","tag-diario","tag-noticia","tag-noticias"],"_links":{"self":[{"href":"https:\/\/tvbrazilusa.com\/pt\/wp-json\/wp\/v2\/posts\/103492","targetHints":{"allow":["GET"]}}],"collection":[{"href":"https:\/\/tvbrazilusa.com\/pt\/wp-json\/wp\/v2\/posts"}],"about":[{"href":"https:\/\/tvbrazilusa.com\/pt\/wp-json\/wp\/v2\/types\/post"}],"author":[{"embeddable":true,"href":"https:\/\/tvbrazilusa.com\/pt\/wp-json\/wp\/v2\/users\/1"}],"replies":[{"embeddable":true,"href":"https:\/\/tvbrazilusa.com\/pt\/wp-json\/wp\/v2\/comments?post=103492"}],"version-history":[{"count":1,"href":"https:\/\/tvbrazilusa.com\/pt\/wp-json\/wp\/v2\/posts\/103492\/revisions"}],"predecessor-version":[{"id":103494,"href":"https:\/\/tvbrazilusa.com\/pt\/wp-json\/wp\/v2\/posts\/103492\/revisions\/103494"}],"wp:featuredmedia":[{"embeddable":true,"href":"https:\/\/tvbrazilusa.com\/pt\/wp-json\/wp\/v2\/media\/103493"}],"wp:attachment":[{"href":"https:\/\/tvbrazilusa.com\/pt\/wp-json\/wp\/v2\/media?parent=103492"}],"wp:term":[{"taxonomy":"category","embeddable":true,"href":"https:\/\/tvbrazilusa.com\/pt\/wp-json\/wp\/v2\/categories?post=103492"},{"taxonomy":"post_tag","embeddable":true,"href":"https:\/\/tvbrazilusa.com\/pt\/wp-json\/wp\/v2\/tags?post=103492"}],"curies":[{"name":"wp","href":"https:\/\/api.w.org\/{rel}","templated":true}]}}